{"id":383,"date":"2023-01-24T05:42:00","date_gmt":"2023-01-24T04:42:00","guid":{"rendered":"https:\/\/journalist-und-christ.de\/?p=383"},"modified":"2023-01-24T09:35:33","modified_gmt":"2023-01-24T08:35:33","slug":"50-koennen-aerzte-einfach-einen-notfalldatensatz-anlegen-diesen-beitrag-produzierte-ich-fuer-das-nachrichtenradio-mdr-aktuell","status":"publish","type":"post","link":"https:\/\/journalist-und-christ.de\/?p=383","title":{"rendered":"50: K\u00f6nnen \u00c4rzte einfach einen Notfalldatensatz anlegen? &#8211; Diesen Beitrag produzierte ich f\u00fcr das Nachrichtenradio MDR Aktuell"},"content":{"rendered":"<!--[if lt IE 9]><script>document.createElement('audio');<\/script><![endif]-->\n<audio class=\"wp-audio-shortcode\" id=\"audio-383-1\" preload=\"none\" style=\"width: 100%;\" controls=\"controls\"><source type=\"audio\/mpeg\" src=\"https:\/\/journalist-und-christ.podcaster.de\/journalist-und-christ\/media\/Folge_50_Notfalldatensatz.mp3?_=1\" \/><a href=\"https:\/\/journalist-und-christ.podcaster.de\/journalist-und-christ\/media\/Folge_50_Notfalldatensatz.mp3\">https:\/\/journalist-und-christ.podcaster.de\/journalist-und-christ\/media\/Folge_50_Notfalldatensatz.mp3<\/a><\/audio>\n<p>F\u00fcr das Nachrichtenradio MDR Aktuell habe ich einen Beitrag zum sogenannten \u201eNotfalldatensatz\u201c produziert. Ein H\u00f6rer aus Th\u00fcringen hatte auf ein Problem mit dem sogenannten Notfalldatensatz hingewiesen. In der Rechnungs\u00fcbersicht, die auch gesetzliche Krankenkasse auf Nachfrage zur Verf\u00fcgung stellen, tauche regelm\u00e4\u00dfig nach Arztbesuchen die Position &#8222;Notfalldatensatz&#8220; auf. Er habe nie die Zustimmung daf\u00fcr gegeben, dass solch ein Datensatz angelegt werde. Der H\u00f6rer will nun wissen, ob das ok sei. Dieser Frage ging ich f\u00fcr MDR Aktuell nach.<\/p>\n\n\n<h4 class=\"wp-block-heading\">Hinweis<\/h4>\n\n\n\n<p>Im hei\u00dft es, die Elektronische <strong>Gesundheitskarte<\/strong> habe eine Hintert\u00fcr. Das ist nicht der Fall und bezieht sich auf die Elektronische <strong>Gesundheitsakte<\/strong>.<\/p>\n\n\n\n<p>Wichtig ist zu wissen ist aber, dass es in Notfallsituationen die M\u00f6glichkeit gibt, die Daten auch ohne Zustimmung des Patienten auszulesen.<\/p>\n\n\n\n<p>Die Interviewpartnerin und ich hatten uns leider missverstanden.<\/p>\n","protected":false},"excerpt":{"rendered":"<p>F\u00fcr das Nachrichtenradio MDR Aktuell habe ich einen Beitrag zum sogenannten \u201eNotfalldatensatz\u201c produziert. Ein H\u00f6rer aus Th\u00fcringen hatte auf ein Problem mit dem sogenannten Notfalldatensatz hingewiesen. In der Rechnungs\u00fcbersicht, die auch gesetzliche Krankenkasse auf Nachfrage zur Verf\u00fcgung stellen, tauche regelm\u00e4\u00dfig nach Arztbesuchen die Position &#8222;Notfalldatensatz&#8220; auf. Er habe nie die Zustimmung daf\u00fcr gegeben, dass solch ein Datensatz angelegt werde. Der H\u00f6rer will nun wissen, ob das ok sei. Dieser Frage ging ich f\u00fcr MDR Aktuell nach.<\/p>\n","protected":false},"author":1,"featured_media":384,"comment_status":"open","ping_status":"open","sticky":false,"template":"","format":"standard","meta":{"footnotes":""},"categories":[34,7,2,35],"tags":[425,384,427,27,426,422,423,424,40,420,421,39],"views":836,"_links":{"self":[{"href":"https:\/\/journalist-und-christ.de\/index.php?rest_route=\/wp\/v2\/posts\/383"}],"collection":[{"href":"https:\/\/journalist-und-christ.de\/index.php?rest_route=\/wp\/v2\/posts"}],"about":[{"href":"https:\/\/journalist-und-christ.de\/index.php?rest_route=\/wp\/v2\/types\/post"}],"author":[{"embeddable":true,"href":"https:\/\/journalist-und-christ.de\/index.php?rest_route=\/wp\/v2\/users\/1"}],"replies":[{"embeddable":true,"href":"https:\/\/journalist-und-christ.de\/index.php?rest_route=%2Fwp%2Fv2%2Fcomments&post=383"}],"version-history":[{"count":4,"href":"https:\/\/journalist-und-christ.de\/index.php?rest_route=\/wp\/v2\/posts\/383\/revisions"}],"predecessor-version":[{"id":390,"href":"https:\/\/journalist-und-christ.de\/index.php?rest_route=\/wp\/v2\/posts\/383\/revisions\/390"}],"wp:featuredmedia":[{"embeddable":true,"href":"https:\/\/journalist-und-christ.de\/index.php?rest_route=\/wp\/v2\/media\/384"}],"wp:attachment":[{"href":"https:\/\/journalist-und-christ.de\/index.php?rest_route=%2Fwp%2Fv2%2Fmedia&parent=383"}],"wp:term":[{"taxonomy":"category","embeddable":true,"href":"https:\/\/journalist-und-christ.de\/index.php?rest_route=%2Fwp%2Fv2%2Fcategories&post=383"},{"taxonomy":"post_tag","embeddable":true,"href":"https:\/\/journalist-und-christ.de\/index.php?rest_route=%2Fwp%2Fv2%2Ftags&post=383"}],"curies":[{"name":"wp","href":"https:\/\/api.w.org\/{rel}","templated":true}]}}