{"id":365,"date":"2023-01-15T07:31:00","date_gmt":"2023-01-15T06:31:00","guid":{"rendered":"https:\/\/journalist-und-christ.de\/?p=365"},"modified":"2023-01-15T08:35:44","modified_gmt":"2023-01-15T07:35:44","slug":"47-ruecksicht-eigenverantwortung-statt-maske","status":"publish","type":"post","link":"https:\/\/journalist-und-christ.de\/?p=365","title":{"rendered":"47: #R\u00fccksicht? #Eigenverantwortung? Statt #Maske?"},"content":{"rendered":"<!--[if lt IE 9]><script>document.createElement('audio');<\/script><![endif]-->\n<audio class=\"wp-audio-shortcode\" id=\"audio-365-1\" preload=\"none\" style=\"width: 100%;\" controls=\"controls\"><source type=\"audio\/mpeg\" src=\"https:\/\/journalist-und-christ.podcaster.de\/journalist-und-christ\/media\/Folge_47_Ruecksicht_Selbstverantwortung.mp3?_=1\" \/><a href=\"https:\/\/journalist-und-christ.podcaster.de\/journalist-und-christ\/media\/Folge_47_Ruecksicht_Selbstverantwortung.mp3\">https:\/\/journalist-und-christ.podcaster.de\/journalist-und-christ\/media\/Folge_47_Ruecksicht_Selbstverantwortung.mp3<\/a><\/audio>\n<p>\u201eR\u00fccksicht aufeinander nehmen.\u201c Mit diesem Spruch wirbt die Bahn in den Sozialen Medien f\u00fcr das Ende der Maskenpflicht am 02. Februar. Doch was hei\u00dft eigentlich R\u00fccksicht nehmen in maskenlosen Zeiten? Zuhause bleiben? Nicht Bahn fahren? Oder doch die Maske aufbehalten? Und was hei\u00dft in dieser Zeit Eigenverantwortungen? Fragen, die mich in der aktuellen Ausgabe meines Podcastes \u201eJournalist und Christ\u201c besch\u00e4ftigen.<\/p>\n","protected":false},"excerpt":{"rendered":"<p>\u201eR\u00fccksicht aufeinander nehmen.\u201c Mit diesem Spruch wirbt die Bahn in den Sozialen Medien f\u00fcr das Ende der Maskenpflicht am 02. Februar. Doch was hei\u00dft eigentlich R\u00fccksicht nehmen in maskenlosen Zeiten? Zuhause bleiben? Nicht Bahn fahren? Oder doch die Maske aufbehalten? Und was hei\u00dft in dieser Zeit Eigenverantwortungen? Fragen, die mich in der aktuellen Ausgabe meines Podcastes \u201eJournalist und Christ\u201c besch\u00e4ftigen.<\/p>\n","protected":false},"author":1,"featured_media":366,"comment_status":"open","ping_status":"open","sticky":false,"template":"","format":"standard","meta":{"footnotes":""},"categories":[2,9,161],"tags":[166,28,167,31,24,22,27,388,30,403,400,101,402,401,186],"views":730,"_links":{"self":[{"href":"https:\/\/journalist-und-christ.de\/index.php?rest_route=\/wp\/v2\/posts\/365"}],"collection":[{"href":"https:\/\/journalist-und-christ.de\/index.php?rest_route=\/wp\/v2\/posts"}],"about":[{"href":"https:\/\/journalist-und-christ.de\/index.php?rest_route=\/wp\/v2\/types\/post"}],"author":[{"embeddable":true,"href":"https:\/\/journalist-und-christ.de\/index.php?rest_route=\/wp\/v2\/users\/1"}],"replies":[{"embeddable":true,"href":"https:\/\/journalist-und-christ.de\/index.php?rest_route=%2Fwp%2Fv2%2Fcomments&post=365"}],"version-history":[{"count":3,"href":"https:\/\/journalist-und-christ.de\/index.php?rest_route=\/wp\/v2\/posts\/365\/revisions"}],"predecessor-version":[{"id":369,"href":"https:\/\/journalist-und-christ.de\/index.php?rest_route=\/wp\/v2\/posts\/365\/revisions\/369"}],"wp:featuredmedia":[{"embeddable":true,"href":"https:\/\/journalist-und-christ.de\/index.php?rest_route=\/wp\/v2\/media\/366"}],"wp:attachment":[{"href":"https:\/\/journalist-und-christ.de\/index.php?rest_route=%2Fwp%2Fv2%2Fmedia&parent=365"}],"wp:term":[{"taxonomy":"category","embeddable":true,"href":"https:\/\/journalist-und-christ.de\/index.php?rest_route=%2Fwp%2Fv2%2Fcategories&post=365"},{"taxonomy":"post_tag","embeddable":true,"href":"https:\/\/journalist-und-christ.de\/index.php?rest_route=%2Fwp%2Fv2%2Ftags&post=365"}],"curies":[{"name":"wp","href":"https:\/\/api.w.org\/{rel}","templated":true}]}}