{"id":359,"date":"2023-01-04T06:50:00","date_gmt":"2023-01-04T05:50:00","guid":{"rendered":"https:\/\/journalist-und-christ.de\/?p=359"},"modified":"2023-01-15T12:59:32","modified_gmt":"2023-01-15T11:59:32","slug":"46-corona-meine-erfahrung-waehrend-der-krankheit-mit-der-app","status":"publish","type":"post","link":"https:\/\/journalist-und-christ.de\/?p=359","title":{"rendered":"46: Corona \u2013 meine Erfahrung w\u00e4hrend der Krankheit mit der App"},"content":{"rendered":"<!--[if lt IE 9]><script>document.createElement('audio');<\/script><![endif]-->\n<audio class=\"wp-audio-shortcode\" id=\"audio-359-1\" preload=\"none\" style=\"width: 100%;\" controls=\"controls\"><source type=\"audio\/mpeg\" src=\"https:\/\/journalist-und-christ.podcaster.de\/journalist-und-christ\/media\/Folge_46_Corona.mp3?_=1\" \/><a href=\"https:\/\/journalist-und-christ.podcaster.de\/journalist-und-christ\/media\/Folge_46_Corona.mp3\">https:\/\/journalist-und-christ.podcaster.de\/journalist-und-christ\/media\/Folge_46_Corona.mp3<\/a><\/audio>\n<p>Corona habe ich \u00fcberstanden. Der Husten ist noch da. Meine Leistung ist noch eingeschr\u00e4nkt. Und der Geruchssinn ist schnell zur\u00fcckgekommen. Doch w\u00e4hrend der Krankheit entdeckte ich die T\u00fccken der App. Da ich alle warnen wollte, st\u00f6rte es mich, dass der Test nicht automatisch ver\u00f6ffentlicht wurde. Ich musste es pers\u00f6nlich anschieben und beim Robert-Koch-Institut anrufen.<\/p>\n","protected":false},"excerpt":{"rendered":"<p>Corona habe ich \u00fcberstanden. Der Husten ist noch da. Meine Leistung ist noch eingeschr\u00e4nkt. Und der Geruchssinn ist schnell zur\u00fcckgekommen. Doch w\u00e4hrend der Krankheit entdeckte ich die T\u00fccken der App. Da ich alle warnen wollte, st\u00f6rte es mich, dass der Test nicht automatisch ver\u00f6ffentlicht wurde. Ich musste es pers\u00f6nlich anschieben und beim Robert-Koch-Institut anrufen.<\/p>\n","protected":false},"author":1,"featured_media":362,"comment_status":"open","ping_status":"open","sticky":false,"template":"","format":"standard","meta":{"footnotes":""},"categories":[33,2,9],"tags":[399,28,396,29,384,397,27,388,398],"views":814,"_links":{"self":[{"href":"https:\/\/journalist-und-christ.de\/index.php?rest_route=\/wp\/v2\/posts\/359"}],"collection":[{"href":"https:\/\/journalist-und-christ.de\/index.php?rest_route=\/wp\/v2\/posts"}],"about":[{"href":"https:\/\/journalist-und-christ.de\/index.php?rest_route=\/wp\/v2\/types\/post"}],"author":[{"embeddable":true,"href":"https:\/\/journalist-und-christ.de\/index.php?rest_route=\/wp\/v2\/users\/1"}],"replies":[{"embeddable":true,"href":"https:\/\/journalist-und-christ.de\/index.php?rest_route=%2Fwp%2Fv2%2Fcomments&post=359"}],"version-history":[{"count":2,"href":"https:\/\/journalist-und-christ.de\/index.php?rest_route=\/wp\/v2\/posts\/359\/revisions"}],"predecessor-version":[{"id":370,"href":"https:\/\/journalist-und-christ.de\/index.php?rest_route=\/wp\/v2\/posts\/359\/revisions\/370"}],"wp:featuredmedia":[{"embeddable":true,"href":"https:\/\/journalist-und-christ.de\/index.php?rest_route=\/wp\/v2\/media\/362"}],"wp:attachment":[{"href":"https:\/\/journalist-und-christ.de\/index.php?rest_route=%2Fwp%2Fv2%2Fmedia&parent=359"}],"wp:term":[{"taxonomy":"category","embeddable":true,"href":"https:\/\/journalist-und-christ.de\/index.php?rest_route=%2Fwp%2Fv2%2Fcategories&post=359"},{"taxonomy":"post_tag","embeddable":true,"href":"https:\/\/journalist-und-christ.de\/index.php?rest_route=%2Fwp%2Fv2%2Ftags&post=359"}],"curies":[{"name":"wp","href":"https:\/\/api.w.org\/{rel}","templated":true}]}}