{"id":338,"date":"2022-12-17T11:52:00","date_gmt":"2022-12-17T10:52:00","guid":{"rendered":"https:\/\/journalist-und-christ.de\/?p=338"},"modified":"2022-12-17T13:13:34","modified_gmt":"2022-12-17T12:13:34","slug":"43-kann-ich-twitter-noch-nutzen","status":"publish","type":"post","link":"https:\/\/journalist-und-christ.de\/?p=338","title":{"rendered":"43: Kann ich Twitter noch nutzen?"},"content":{"rendered":"\n<figure class=\"wp-block-audio\"><audio controls src=\"https:\/\/journalist-und-christ.podcaster.de\/journalist-und-christ\/media\/Folge_43_twitter.mp3\"><\/audio><\/figure>\n\n\n\n<p>Seit Wochen mache ich mir dar\u00fcber Gedanken. Inzwischen schaffe ich die technischen Voraussetzungen f\u00fcr einen Absprung. Denn derzeit werden \u00fcber meinen Twitter-Account auch andere Ausspielwege best\u00fcckt. Das geschieht automatisch \u2013 sogenannte Bots helfen mir dabei.<\/p>\n\n\n\n<p>Doch die willk\u00fcrlichen Sperrungen von Journalisten bei Twitter, die \u00fcber den Konzern berichtet haben, gehen zu weit. L\u00fcgner und Hassredner werden freigeschaltet, w\u00e4hrend Kolleginnen und Kollegen, die wahrheitsgem\u00e4\u00df berichten, gesperrt werden. Das geht nicht mehr. Das ist weder Meinungs- noch Pressefreiheit, die Twitter-Chef Elon Musk angeblich fordert und f\u00f6rdert.<\/p>\n\n\n\n<!--more-->\n\n\n\n<h4 class=\"wp-block-heading\">Weiter Berichte zu dem Thema<\/h4>\n\n\n\n<ul>\n<li><a href=\"https:\/\/www.spiegel.de\/netzwelt\/elon-musk-twitter-sperrt-konten-prominenter-us-journalisten-a-040213a0-aa1e-4627-9a5a-69d5f4f929fb\" target=\"_blank\" rel=\"noreferrer noopener\">Twitter sperrt Konten prominenter US-Journalisten. Spiegel, 16.12.22<\/a><\/li>\n\n\n\n<li><a rel=\"noreferrer noopener\" href=\"https:\/\/www.spiegel.de\/netzwelt\/apps\/streit-ueber-twitter-sperren-das-ist-sehr-gefaehrlich-fuer-die-pressefreiheit-a-7c5bdd70-84e1-4601-8c8e-c380ef3ec4be\" target=\"_blank\">Twitter-Sperren gegen Journalisten, Spiegel, 16.12.22<\/a> (hinter Bezahlschranke)<\/li>\n\n\n\n<li><a href=\"https:\/\/www.spiegel.de\/netzwelt\/web\/elon-musk-twitter-sperrt-mastodon-account-und-blockiert-links-zum-konkurrenten-a-fa535975-d74f-47d4-bfb6-196ffa27c8aa\" target=\"_blank\" rel=\"noreferrer noopener\">Twitter sperrt Mastodon-Account und blockiert Links zum Konkurrenten, Spiegel,16.12.22<\/a><\/li>\n\n\n\n<li><a href=\"https:\/\/www.theverge.com\/2022\/12\/17\/23513620\/elon-musk-suspended-journalists-twitter-reinstated-elonjet\" target=\"_blank\" rel=\"noreferrer noopener\">Elon Musk re-enabled Twitter accounts for several journalists banned over @ElonJet, The Verge, 17.02.22<\/a><\/li>\n<\/ul>\n\n\n\n<h4 class=\"wp-block-heading\">Die erste Abstimmung<\/h4>\n\n\n\n<p>Das Ergebnis der ersten Abstimmung dar\u00fcber, ob die gesperrten Twitter-Account, die die Fl\u00fcge von Elon Musk dokumentierten, wieder entsperrt werden sollen, gefiel dem Twitter-Chef offenbar nicht.<\/p>\n\n\n\n<blockquote class=\"twitter-tweet\"><p lang=\"en\" dir=\"ltr\">Unsuspend accounts who doxxed my exact location in real-time<\/p>&mdash; Elon Musk (@elonmusk) <a href=\"https:\/\/twitter.com\/elonmusk\/status\/1603600001057185792?ref_src=twsrc%5Etfw\">December 16, 2022<\/a><\/blockquote> <script async src=\"https:\/\/platform.twitter.com\/widgets.js\" charset=\"utf-8\"><\/script>\n\n\n\n<h4 class=\"wp-block-heading\">Die zweite Abstimmung<\/h4>\n\n\n\n<p>Doch auch die zweite Abstimmung war daf\u00fcr, die Accounts wieder freizugeben.<\/p>\n\n\n\n<blockquote class=\"twitter-tweet\"><p lang=\"en\" dir=\"ltr\">Unsuspend accounts who doxxed my exact location in real-time<\/p>&mdash; Elon Musk (@elonmusk) <a href=\"https:\/\/twitter.com\/elonmusk\/status\/1603609466301059073?ref_src=twsrc%5Etfw\">December 16, 2022<\/a><\/blockquote> <script async src=\"https:\/\/platform.twitter.com\/widgets.js\" charset=\"utf-8\"><\/script>\n\n\n\n<p>Bei beiden Abstimmungen geht es \u00fcbrigens nicht um eine Wahl oder um eine repr\u00e4sentative Umfrage. Es werden die Nutzer angesprochen, die es auf dem Account von Elon Musk lesen. Und jeder kann f\u00fcr jeden Account, den er hat, abstimmen. Auch mit Hilfe von frisch angelegten Accounts.<\/p>\n\n\n\n<p>Inzwischen sind die Accounts der Journalisten wieder freigegeben.<\/p>\n","protected":false},"excerpt":{"rendered":"<p>Seit Wochen mache ich mir dar\u00fcber Gedanken. Inzwischen schaffe ich die technischen Voraussetzungen f\u00fcr einen Absprung. Denn derzeit werden \u00fcber meinen Twitter-Account auch andere Ausspielwege best\u00fcckt. Das geschieht automatisch \u2013 sogenannte Bots helfen mir dabei.<\/p>\n<p>Doch die willk\u00fcrlichen Sperrungen von Journalisten bei Twitter, die \u00fcber den Konzern berichtet haben, gehen zu weit. L\u00fcgner und Hassredner werden freigeschaltet, w\u00e4hrend Kolleginnen und Kollegen, die wahrheitsgem\u00e4\u00df berichten, gesperrt werden. Das geht nicht mehr. Das ist weder Meinungs- noch Pressefreiheit, die Twitter-Chef Elon Musk angeblich fordert und f\u00f6rdert.<\/p>\n","protected":false},"author":1,"featured_media":339,"comment_status":"open","ping_status":"open","sticky":false,"template":"","format":"standard","meta":{"footnotes":""},"categories":[34,7,2,9,140],"tags":[285,133,52,386,54,134,53,176,387,286,132],"views":761,"_links":{"self":[{"href":"https:\/\/journalist-und-christ.de\/index.php?rest_route=\/wp\/v2\/posts\/338"}],"collection":[{"href":"https:\/\/journalist-und-christ.de\/index.php?rest_route=\/wp\/v2\/posts"}],"about":[{"href":"https:\/\/journalist-und-christ.de\/index.php?rest_route=\/wp\/v2\/types\/post"}],"author":[{"embeddable":true,"href":"https:\/\/journalist-und-christ.de\/index.php?rest_route=\/wp\/v2\/users\/1"}],"replies":[{"embeddable":true,"href":"https:\/\/journalist-und-christ.de\/index.php?rest_route=%2Fwp%2Fv2%2Fcomments&post=338"}],"version-history":[{"count":6,"href":"https:\/\/journalist-und-christ.de\/index.php?rest_route=\/wp\/v2\/posts\/338\/revisions"}],"predecessor-version":[{"id":346,"href":"https:\/\/journalist-und-christ.de\/index.php?rest_route=\/wp\/v2\/posts\/338\/revisions\/346"}],"wp:featuredmedia":[{"embeddable":true,"href":"https:\/\/journalist-und-christ.de\/index.php?rest_route=\/wp\/v2\/media\/339"}],"wp:attachment":[{"href":"https:\/\/journalist-und-christ.de\/index.php?rest_route=%2Fwp%2Fv2%2Fmedia&parent=338"}],"wp:term":[{"taxonomy":"category","embeddable":true,"href":"https:\/\/journalist-und-christ.de\/index.php?rest_route=%2Fwp%2Fv2%2Fcategories&post=338"},{"taxonomy":"post_tag","embeddable":true,"href":"https:\/\/journalist-und-christ.de\/index.php?rest_route=%2Fwp%2Fv2%2Ftags&post=338"}],"curies":[{"name":"wp","href":"https:\/\/api.w.org\/{rel}","templated":true}]}}