{"id":328,"date":"2022-12-07T09:20:00","date_gmt":"2022-12-07T08:20:00","guid":{"rendered":"https:\/\/journalist-und-christ.de\/?p=328"},"modified":"2022-12-07T11:31:36","modified_gmt":"2022-12-07T10:31:36","slug":"staatsstreich-eine-schande-fuer-deutschland-was-sogenannte-reichsbuerger-planten","status":"publish","type":"post","link":"https:\/\/journalist-und-christ.de\/?p=328","title":{"rendered":"41: Staatsstreich?! &#8211; Eine Schande f\u00fcr Deutschland, was sogenannte \u201eReichsb\u00fcrger\u201c planten"},"content":{"rendered":"<!--[if lt IE 9]><script>document.createElement('audio');<\/script><![endif]-->\n<audio class=\"wp-audio-shortcode\" id=\"audio-328-1\" preload=\"none\" style=\"width: 100%;\" controls=\"controls\"><source type=\"audio\/mpeg\" src=\"https:\/\/journalist-und-christ.podcaster.de\/journalist-und-christ\/media\/Folge_41_Staatsstreich.mp3?_=1\" \/><a href=\"https:\/\/journalist-und-christ.podcaster.de\/journalist-und-christ\/media\/Folge_41_Staatsstreich.mp3\">https:\/\/journalist-und-christ.podcaster.de\/journalist-und-christ\/media\/Folge_41_Staatsstreich.mp3<\/a><\/audio>\n<p>Staatsstreich in Deutschland? Bis vor wenigen Minuten h\u00e4tte ich das nicht f\u00fcr M\u00f6glichkeiten. Doch die Nachrichten, die uns heute erreichten, zeigen, dass auch das m\u00f6glich ist. Die Sicherheitsbeh\u00f6rden haben es aber alles stoppen k\u00f6nnen. Gott sei Dank!<\/p>\n","protected":false},"excerpt":{"rendered":"<p>Staatsstreich in Deutschland? Bis vor wenigen Minuten h\u00e4tte ich das nicht f\u00fcr M\u00f6glichkeiten. Doch die Nachrichten, die uns heute erreichten, zeigen, dass auch das m\u00f6glich ist. Die Sicherheitsbeh\u00f6rden haben es aber alles stoppen k\u00f6nnen. Gott sei Dank!<\/p>\n","protected":false},"author":1,"featured_media":329,"comment_status":"open","ping_status":"open","sticky":false,"template":"","format":"standard","meta":{"footnotes":""},"categories":[8,75,2,9],"tags":[312,368,366,215,31,122,372,101,369,374,375,376,364,370,365,371,373],"views":743,"_links":{"self":[{"href":"https:\/\/journalist-und-christ.de\/index.php?rest_route=\/wp\/v2\/posts\/328"}],"collection":[{"href":"https:\/\/journalist-und-christ.de\/index.php?rest_route=\/wp\/v2\/posts"}],"about":[{"href":"https:\/\/journalist-und-christ.de\/index.php?rest_route=\/wp\/v2\/types\/post"}],"author":[{"embeddable":true,"href":"https:\/\/journalist-und-christ.de\/index.php?rest_route=\/wp\/v2\/users\/1"}],"replies":[{"embeddable":true,"href":"https:\/\/journalist-und-christ.de\/index.php?rest_route=%2Fwp%2Fv2%2Fcomments&post=328"}],"version-history":[{"count":3,"href":"https:\/\/journalist-und-christ.de\/index.php?rest_route=\/wp\/v2\/posts\/328\/revisions"}],"predecessor-version":[{"id":333,"href":"https:\/\/journalist-und-christ.de\/index.php?rest_route=\/wp\/v2\/posts\/328\/revisions\/333"}],"wp:featuredmedia":[{"embeddable":true,"href":"https:\/\/journalist-und-christ.de\/index.php?rest_route=\/wp\/v2\/media\/329"}],"wp:attachment":[{"href":"https:\/\/journalist-und-christ.de\/index.php?rest_route=%2Fwp%2Fv2%2Fmedia&parent=328"}],"wp:term":[{"taxonomy":"category","embeddable":true,"href":"https:\/\/journalist-und-christ.de\/index.php?rest_route=%2Fwp%2Fv2%2Fcategories&post=328"},{"taxonomy":"post_tag","embeddable":true,"href":"https:\/\/journalist-und-christ.de\/index.php?rest_route=%2Fwp%2Fv2%2Ftags&post=328"}],"curies":[{"name":"wp","href":"https:\/\/api.w.org\/{rel}","templated":true}]}}