{"id":301,"date":"2022-11-29T10:41:00","date_gmt":"2022-11-29T09:41:00","guid":{"rendered":"https:\/\/journalist-und-christ.de\/?p=301"},"modified":"2022-11-29T11:48:19","modified_gmt":"2022-11-29T10:48:19","slug":"37-danke","status":"publish","type":"post","link":"https:\/\/journalist-und-christ.de\/?p=301","title":{"rendered":"37: Danke!"},"content":{"rendered":"<!--[if lt IE 9]><script>document.createElement('audio');<\/script><![endif]-->\n<audio class=\"wp-audio-shortcode\" id=\"audio-301-1\" preload=\"none\" style=\"width: 100%;\" controls=\"controls\"><source type=\"audio\/mpeg\" src=\"https:\/\/journalist-und-christ.podcaster.de\/journalist-und-christ\/media\/Folge_37_Danke.mp3?_=1\" \/><a href=\"https:\/\/journalist-und-christ.podcaster.de\/journalist-und-christ\/media\/Folge_37_Danke.mp3\">https:\/\/journalist-und-christ.podcaster.de\/journalist-und-christ\/media\/Folge_37_Danke.mp3<\/a><\/audio>\n<p>Geburtstag. Ich freue mich jedes Jahr \u00fcber diesen Tag. Noch immer wie ein kleines Kind. Ein Geburtstag ist mir aber besonders in Erinnerung: mein 10. Geburtstag. Damals durfte ich allein mit \u00f6ffentlichen Verkehrsmitteln durch Hamburg fahren. Und was war ich stolz. Danke an meine Eltern daf\u00fcr, dass ich leben darf und daf\u00fcr, was sie mir erlaubten. Auch Gott danke daf\u00fcr, dass ich zur Welt kam und noch immer leben darf.<\/p>\n","protected":false},"excerpt":{"rendered":"<p>Geburtstag. Ich freue mich jedes Jahr \u00fcber diesen Tag. Noch immer wie ein kleines Kind. Ein Geburtstag ist mir aber besonders in Erinnerung: mein 10. Geburtstag. Damals durfte ich allein mit \u00f6ffentlichen Verkehrsmitteln durch Hamburg fahren. Und was war ich stolz. Danke an meine Eltern daf\u00fcr, dass ich leben darf und daf\u00fcr, was sie mir erlaubten. Auch Gott danke daf\u00fcr, dass ich zur Welt kam und noch immer leben darf.<\/p>\n","protected":false},"author":1,"featured_media":302,"comment_status":"open","ping_status":"open","sticky":false,"template":"","format":"standard","meta":{"footnotes":""},"categories":[8,7,2,161],"tags":[66,315,48,47,323,320,319,316,326,317,318,186],"views":790,"_links":{"self":[{"href":"https:\/\/journalist-und-christ.de\/index.php?rest_route=\/wp\/v2\/posts\/301"}],"collection":[{"href":"https:\/\/journalist-und-christ.de\/index.php?rest_route=\/wp\/v2\/posts"}],"about":[{"href":"https:\/\/journalist-und-christ.de\/index.php?rest_route=\/wp\/v2\/types\/post"}],"author":[{"embeddable":true,"href":"https:\/\/journalist-und-christ.de\/index.php?rest_route=\/wp\/v2\/users\/1"}],"replies":[{"embeddable":true,"href":"https:\/\/journalist-und-christ.de\/index.php?rest_route=%2Fwp%2Fv2%2Fcomments&post=301"}],"version-history":[{"count":1,"href":"https:\/\/journalist-und-christ.de\/index.php?rest_route=\/wp\/v2\/posts\/301\/revisions"}],"predecessor-version":[{"id":304,"href":"https:\/\/journalist-und-christ.de\/index.php?rest_route=\/wp\/v2\/posts\/301\/revisions\/304"}],"wp:featuredmedia":[{"embeddable":true,"href":"https:\/\/journalist-und-christ.de\/index.php?rest_route=\/wp\/v2\/media\/302"}],"wp:attachment":[{"href":"https:\/\/journalist-und-christ.de\/index.php?rest_route=%2Fwp%2Fv2%2Fmedia&parent=301"}],"wp:term":[{"taxonomy":"category","embeddable":true,"href":"https:\/\/journalist-und-christ.de\/index.php?rest_route=%2Fwp%2Fv2%2Fcategories&post=301"},{"taxonomy":"post_tag","embeddable":true,"href":"https:\/\/journalist-und-christ.de\/index.php?rest_route=%2Fwp%2Fv2%2Ftags&post=301"}],"curies":[{"name":"wp","href":"https:\/\/api.w.org\/{rel}","templated":true}]}}