{"id":296,"date":"2022-11-26T19:33:00","date_gmt":"2022-11-26T18:33:00","guid":{"rendered":"https:\/\/journalist-und-christ.de\/?p=296"},"modified":"2022-11-26T20:41:02","modified_gmt":"2022-11-26T19:41:02","slug":"36-ami-go-home-so-ein-quatsch","status":"publish","type":"post","link":"https:\/\/journalist-und-christ.de\/?p=296","title":{"rendered":"36: Ami go home? So ein Quatsch!"},"content":{"rendered":"<!--[if lt IE 9]><script>document.createElement('audio');<\/script><![endif]-->\n<audio class=\"wp-audio-shortcode\" id=\"audio-296-1\" preload=\"none\" style=\"width: 100%;\" controls=\"controls\"><source type=\"audio\/mpeg\" src=\"https:\/\/journalist-und-christ.podcaster.de\/journalist-und-christ\/media\/Folge_36_Amis_Leipzig.mp3?_=1\" \/><a href=\"https:\/\/journalist-und-christ.podcaster.de\/journalist-und-christ\/media\/Folge_36_Amis_Leipzig.mp3\">https:\/\/journalist-und-christ.podcaster.de\/journalist-und-christ\/media\/Folge_36_Amis_Leipzig.mp3<\/a><\/audio>\n<p>\u201eAmi go home\u201d \u2013 so klang es heute in Leipzig. Auf der Kundgebung des extrem rechten Magazins \u201eCompact\u201c sprachen unter anderem der ehemalige AfD-Politiker Andr\u00e9 Poggenburg, der Publizist J\u00fcrgen Els\u00e4sser und Stefan Hartung, der NPD-Mitglied und Gr\u00fcndungsmitglied der &#8222;Freien Sachsen&#8220; aus dem Erzgebirge ist. Gleichzeitig zeigt der Angriffskrieg Russlands gegen die Ukraine, was passiert, wenn man sich nicht mit anderen Staaten zu einem Verteidigungsb\u00fcndnis zusammenschlie\u00dft. Es muss nicht \u201eAmi go home\u201c hei\u00dfen. \u201eRussland zur\u00fcck ins Russische Reich!\u201c w\u00e4re das richtige Motto.<\/p>\n","protected":false},"excerpt":{"rendered":"<p>\u201eAmi go home\u201d \u2013 so klang es heute in Leipzig. Auf der Kundgebung des extrem rechten Magazins \u201eCompact\u201c sprachen unter anderem der ehemalige AfD-Politiker Andr\u00e9 Poggenburg, der Publizist J\u00fcrgen Els\u00e4sser und Stefan Hartung, der NPD-Mitglied und Gr\u00fcndungsmitglied der &#8222;Freien Sachsen&#8220; aus dem Erzgebirge ist. Gleichzeitig zeigt der Angriffskrieg Russlands gegen die Ukraine, was passiert, wenn man sich nicht mit anderen Staaten zu einem Verteidigungsb\u00fcndnis zusammenschlie\u00dft. Es muss nicht \u201eAmi go home\u201c hei\u00dfen. \u201eRussland zur\u00fcck ins Russische Reich!\u201c w\u00e4re das richtige Motto.<\/p>\n","protected":false},"author":1,"featured_media":297,"comment_status":"open","ping_status":"open","sticky":false,"template":"","format":"standard","meta":{"footnotes":""},"categories":[124,110,2,9],"tags":[312,303,314,31,308,306,307,14,273,309,313,304,101,310,311,17,305,302,255],"views":1075,"_links":{"self":[{"href":"https:\/\/journalist-und-christ.de\/index.php?rest_route=\/wp\/v2\/posts\/296"}],"collection":[{"href":"https:\/\/journalist-und-christ.de\/index.php?rest_route=\/wp\/v2\/posts"}],"about":[{"href":"https:\/\/journalist-und-christ.de\/index.php?rest_route=\/wp\/v2\/types\/post"}],"author":[{"embeddable":true,"href":"https:\/\/journalist-und-christ.de\/index.php?rest_route=\/wp\/v2\/users\/1"}],"replies":[{"embeddable":true,"href":"https:\/\/journalist-und-christ.de\/index.php?rest_route=%2Fwp%2Fv2%2Fcomments&post=296"}],"version-history":[{"count":2,"href":"https:\/\/journalist-und-christ.de\/index.php?rest_route=\/wp\/v2\/posts\/296\/revisions"}],"predecessor-version":[{"id":300,"href":"https:\/\/journalist-und-christ.de\/index.php?rest_route=\/wp\/v2\/posts\/296\/revisions\/300"}],"wp:featuredmedia":[{"embeddable":true,"href":"https:\/\/journalist-und-christ.de\/index.php?rest_route=\/wp\/v2\/media\/297"}],"wp:attachment":[{"href":"https:\/\/journalist-und-christ.de\/index.php?rest_route=%2Fwp%2Fv2%2Fmedia&parent=296"}],"wp:term":[{"taxonomy":"category","embeddable":true,"href":"https:\/\/journalist-und-christ.de\/index.php?rest_route=%2Fwp%2Fv2%2Fcategories&post=296"},{"taxonomy":"post_tag","embeddable":true,"href":"https:\/\/journalist-und-christ.de\/index.php?rest_route=%2Fwp%2Fv2%2Ftags&post=296"}],"curies":[{"name":"wp","href":"https:\/\/api.w.org\/{rel}","templated":true}]}}