{"id":29,"date":"2022-09-19T14:43:00","date_gmt":"2022-09-19T14:43:00","guid":{"rendered":"https:\/\/journalist-und-christ.de\/?p=29"},"modified":"2022-09-23T20:58:45","modified_gmt":"2022-09-23T18:58:45","slug":"4-microsoft-hat-sicherheitsprobleme-bei-teams","status":"publish","type":"post","link":"https:\/\/journalist-und-christ.de\/?p=29","title":{"rendered":"4: Microsoft hat Sicherheitsprobleme bei Teams"},"content":{"rendered":"<!--[if lt IE 9]><script>document.createElement('audio');<\/script><![endif]-->\n<audio class=\"wp-audio-shortcode\" id=\"audio-29-1\" preload=\"none\" style=\"width: 100%;\" controls=\"controls\"><source type=\"audio\/mpeg\" src=\"https:\/\/journalist-und-christ.podcaster.de\/journalist-und-christ\/media\/Folge_4_Teams_mit_Sicherheitsluecke.mp3?_=1\" \/><a href=\"https:\/\/journalist-und-christ.podcaster.de\/journalist-und-christ\/media\/Folge_4_Teams_mit_Sicherheitsluecke.mp3\">https:\/\/journalist-und-christ.podcaster.de\/journalist-und-christ\/media\/Folge_4_Teams_mit_Sicherheitsluecke.mp3<\/a><\/audio>\n<p>Bei Microsoft Teams werden sicherheitsrelevante Informationen unverschl\u00fcsselt abgespeichert. Kalifornische Experten haben diese Sicherheitsl\u00fccke jetzt entdeckt. Beim Nachrichtenradio MDR Aktuell stellte ich heute Vormittag den aktuellen Stand dar und erkl\u00e4rte, wie man dieses Sicherheitsproblem umgehen kann.<\/p>\n","protected":false},"excerpt":{"rendered":"<p>Bei Microsoft Teams werden sicherheitsrelevante Informationen unverschl\u00fcsselt abgespeichert. Kalifornische Experten haben diese Sicherheitsl\u00fccke jetzt entdeckt. Beim Nachrichtenradio MDR Aktuell stellte ich heute Vormittag den aktuellen Stand dar und erkl\u00e4rte, wie man dieses Sicherheitsproblem umgehen kann.<\/p>\n","protected":false},"author":1,"featured_media":14,"comment_status":"open","ping_status":"open","sticky":false,"template":"","format":"standard","meta":{"footnotes":""},"categories":[34,2,35],"tags":[40,37,36,39,41,38],"views":665,"_links":{"self":[{"href":"https:\/\/journalist-und-christ.de\/index.php?rest_route=\/wp\/v2\/posts\/29"}],"collection":[{"href":"https:\/\/journalist-und-christ.de\/index.php?rest_route=\/wp\/v2\/posts"}],"about":[{"href":"https:\/\/journalist-und-christ.de\/index.php?rest_route=\/wp\/v2\/types\/post"}],"author":[{"embeddable":true,"href":"https:\/\/journalist-und-christ.de\/index.php?rest_route=\/wp\/v2\/users\/1"}],"replies":[{"embeddable":true,"href":"https:\/\/journalist-und-christ.de\/index.php?rest_route=%2Fwp%2Fv2%2Fcomments&post=29"}],"version-history":[{"count":2,"href":"https:\/\/journalist-und-christ.de\/index.php?rest_route=\/wp\/v2\/posts\/29\/revisions"}],"predecessor-version":[{"id":76,"href":"https:\/\/journalist-und-christ.de\/index.php?rest_route=\/wp\/v2\/posts\/29\/revisions\/76"}],"wp:featuredmedia":[{"embeddable":true,"href":"https:\/\/journalist-und-christ.de\/index.php?rest_route=\/wp\/v2\/media\/14"}],"wp:attachment":[{"href":"https:\/\/journalist-und-christ.de\/index.php?rest_route=%2Fwp%2Fv2%2Fmedia&parent=29"}],"wp:term":[{"taxonomy":"category","embeddable":true,"href":"https:\/\/journalist-und-christ.de\/index.php?rest_route=%2Fwp%2Fv2%2Fcategories&post=29"},{"taxonomy":"post_tag","embeddable":true,"href":"https:\/\/journalist-und-christ.de\/index.php?rest_route=%2Fwp%2Fv2%2Ftags&post=29"}],"curies":[{"name":"wp","href":"https:\/\/api.w.org\/{rel}","templated":true}]}}