{"id":284,"date":"2022-11-24T08:58:00","date_gmt":"2022-11-24T07:58:00","guid":{"rendered":"https:\/\/journalist-und-christ.de\/?p=284"},"modified":"2022-11-25T12:06:01","modified_gmt":"2022-11-25T11:06:01","slug":"35-lokfuehrer-in-braunschweig-steuert-zug-im-erzgebirge-fern","status":"publish","type":"post","link":"https:\/\/journalist-und-christ.de\/?p=284","title":{"rendered":"35: Lokf\u00fchrer in Braunschweig steuert Zug im Erzgebirge fern"},"content":{"rendered":"<!--[if lt IE 9]><script>document.createElement('audio');<\/script><![endif]-->\n<audio class=\"wp-audio-shortcode\" id=\"audio-284-1\" preload=\"none\" style=\"width: 100%;\" controls=\"controls\"><source type=\"audio\/mpeg\" src=\"https:\/\/journalist-und-christ.podcaster.de\/journalist-und-christ\/media\/Folge_35_ferngesteuerter_Zug.mp3?_=1\" \/><a href=\"https:\/\/journalist-und-christ.podcaster.de\/journalist-und-christ\/media\/Folge_35_ferngesteuerter_Zug.mp3\">https:\/\/journalist-und-christ.podcaster.de\/journalist-und-christ\/media\/Folge_35_ferngesteuerter_Zug.mp3<\/a><\/audio>\n<p>Ganz versteckt im Erzgebirge gibt es eine Bahnstrecke, die als Testgebiet f\u00fcr Z\u00fcge ohne Fahrer vorgesehen ist. Eisenbahnfans bezeichnen sie auch als eine der sch\u00f6nsten Bahnstrecken Deutschlands. Gestern fuhr hier erstmals ein Zug, der nicht selbstst\u00e4ndig unterwegs war, sondern aus Braunschweig ferngesteuert wurde. F\u00fcr MDR Aktuell war ich mit dabei.<\/p>\n","protected":false},"excerpt":{"rendered":"<p>Ganz versteckt im Erzgebirge gibt es eine Bahnstrecke, die als Testgebiet f\u00fcr Z\u00fcge ohne Fahrer vorgesehen ist. Eisenbahnfans bezeichnen sie auch als eine der sch\u00f6nsten Bahnstrecken Deutschlands. Gestern fuhr hier erstmals ein Zug, der nicht selbstst\u00e4ndig unterwegs war, sondern aus Braunschweig ferngesteuert wurde. F\u00fcr MDR Aktuell war ich mit dabei.<\/p>\n","protected":false},"author":1,"featured_media":285,"comment_status":"open","ping_status":"open","sticky":false,"template":"","format":"standard","meta":{"footnotes":""},"categories":[34,7,35,161],"tags":[295,291,293,166,165,292,294,290,297,187,298,296,300,186,299,301],"views":804,"_links":{"self":[{"href":"https:\/\/journalist-und-christ.de\/index.php?rest_route=\/wp\/v2\/posts\/284"}],"collection":[{"href":"https:\/\/journalist-und-christ.de\/index.php?rest_route=\/wp\/v2\/posts"}],"about":[{"href":"https:\/\/journalist-und-christ.de\/index.php?rest_route=\/wp\/v2\/types\/post"}],"author":[{"embeddable":true,"href":"https:\/\/journalist-und-christ.de\/index.php?rest_route=\/wp\/v2\/users\/1"}],"replies":[{"embeddable":true,"href":"https:\/\/journalist-und-christ.de\/index.php?rest_route=%2Fwp%2Fv2%2Fcomments&post=284"}],"version-history":[{"count":1,"href":"https:\/\/journalist-und-christ.de\/index.php?rest_route=\/wp\/v2\/posts\/284\/revisions"}],"predecessor-version":[{"id":286,"href":"https:\/\/journalist-und-christ.de\/index.php?rest_route=\/wp\/v2\/posts\/284\/revisions\/286"}],"wp:featuredmedia":[{"embeddable":true,"href":"https:\/\/journalist-und-christ.de\/index.php?rest_route=\/wp\/v2\/media\/285"}],"wp:attachment":[{"href":"https:\/\/journalist-und-christ.de\/index.php?rest_route=%2Fwp%2Fv2%2Fmedia&parent=284"}],"wp:term":[{"taxonomy":"category","embeddable":true,"href":"https:\/\/journalist-und-christ.de\/index.php?rest_route=%2Fwp%2Fv2%2Fcategories&post=284"},{"taxonomy":"post_tag","embeddable":true,"href":"https:\/\/journalist-und-christ.de\/index.php?rest_route=%2Fwp%2Fv2%2Ftags&post=284"}],"curies":[{"name":"wp","href":"https:\/\/api.w.org\/{rel}","templated":true}]}}