{"id":279,"date":"2022-11-20T19:08:00","date_gmt":"2022-11-20T18:08:00","guid":{"rendered":"https:\/\/journalist-und-christ.de\/?p=279"},"modified":"2022-11-20T20:13:34","modified_gmt":"2022-11-20T19:13:34","slug":"34-twitter-holt-trump-zurueck","status":"publish","type":"post","link":"https:\/\/journalist-und-christ.de\/?p=279","title":{"rendered":"34: Twitter holt Trump zur\u00fcck"},"content":{"rendered":"<!--[if lt IE 9]><script>document.createElement('audio');<\/script><![endif]-->\n<audio class=\"wp-audio-shortcode\" id=\"audio-279-1\" preload=\"none\" style=\"width: 100%;\" controls=\"controls\"><source type=\"audio\/mpeg\" src=\"https:\/\/journalist-und-christ.podcaster.de\/journalist-und-christ\/media\/Folge_34_Twitter_holt_Trump_zurueck.mp3?_=1\" \/><a href=\"https:\/\/journalist-und-christ.podcaster.de\/journalist-und-christ\/media\/Folge_34_Twitter_holt_Trump_zurueck.mp3\">https:\/\/journalist-und-christ.podcaster.de\/journalist-und-christ\/media\/Folge_34_Twitter_holt_Trump_zurueck.mp3<\/a><\/audio>\n<p>&#8222;The people have spoken. Trump will be reinstated. Vox Populi, Vox Dei.&#8220;<\/p>\n<p>Die Leute haben gesprochen. Trump kommt zur\u00fcck. Stimme des Volkes. Stimme Gottes.<\/p>\n<p>So twittert Elon Musk, nachdem er seine Nutzer bei Twitter befragte, ob das alte Profil des ehemaligen US-Pr\u00e4sidenten Trump wieder freigeschaltet werden soll. Und er schaltete frei, weil sich 52 Prozent seiner Nutzer mit &#8222;Ja&#8220; stimmte.<\/p>\n<p>Ich war zun\u00e4chst dagegen. Aber Trump ist es offenbar auch. Zumindest nutzt er den Account nicht mehr. Und so ist es jetzt ein sch\u00f6nes St\u00fcck Zeitgeschichte, wo jeder die L\u00fcgen und die Hassausbr\u00fcche des ehemaligen US-Pr\u00e4sidenten nachlesen kann. Eigentlich gar nicht so schlecht. Das eigentliche Problem bleibt jedoch Elon Musk.<\/p>\n","protected":false},"excerpt":{"rendered":"<p>&#8222;The people have spoken. Trump will be reinstated. Vox Populi, Vox Dei.&#8220;<\/p>\n<p>Die Leute haben gesprochen. Trump kommt zur\u00fcck. Stimme des Volkes. Stimme Gottes.<\/p>\n<p>So twittert Elon Musk, nachdem er seine Nutzer bei Twitter befragte, ob das alte Profil des ehemaligen US-Pr\u00e4sidenten Trump wieder freigeschaltet werden soll. Und er schaltete frei, weil sich 52 Prozent seiner Nutzer mit &#8222;Ja&#8220; stimmte.<\/p>\n<p>Ich war zun\u00e4chst dagegen. Aber Trump ist es offenbar auch. Zumindest nutzt er den Account nicht mehr. Und so ist es jetzt ein sch\u00f6nes St\u00fcck Zeitgeschichte, wo jeder die L\u00fcgen und die Hassausbr\u00fcche des ehemaligen US-Pr\u00e4sidenten nachlesen kann. Eigentlich gar nicht so schlecht. Das eigentliche Problem bleibt jedoch Elon Musk.<\/p>\n","protected":false},"author":1,"featured_media":280,"comment_status":"open","ping_status":"open","sticky":false,"template":"","format":"standard","meta":{"footnotes":""},"categories":[34,124,7,2,9],"tags":[288,285,133,287,134,289,254,176,137,286,132,255],"views":824,"_links":{"self":[{"href":"https:\/\/journalist-und-christ.de\/index.php?rest_route=\/wp\/v2\/posts\/279"}],"collection":[{"href":"https:\/\/journalist-und-christ.de\/index.php?rest_route=\/wp\/v2\/posts"}],"about":[{"href":"https:\/\/journalist-und-christ.de\/index.php?rest_route=\/wp\/v2\/types\/post"}],"author":[{"embeddable":true,"href":"https:\/\/journalist-und-christ.de\/index.php?rest_route=\/wp\/v2\/users\/1"}],"replies":[{"embeddable":true,"href":"https:\/\/journalist-und-christ.de\/index.php?rest_route=%2Fwp%2Fv2%2Fcomments&post=279"}],"version-history":[{"count":2,"href":"https:\/\/journalist-und-christ.de\/index.php?rest_route=\/wp\/v2\/posts\/279\/revisions"}],"predecessor-version":[{"id":282,"href":"https:\/\/journalist-und-christ.de\/index.php?rest_route=\/wp\/v2\/posts\/279\/revisions\/282"}],"wp:featuredmedia":[{"embeddable":true,"href":"https:\/\/journalist-und-christ.de\/index.php?rest_route=\/wp\/v2\/media\/280"}],"wp:attachment":[{"href":"https:\/\/journalist-und-christ.de\/index.php?rest_route=%2Fwp%2Fv2%2Fmedia&parent=279"}],"wp:term":[{"taxonomy":"category","embeddable":true,"href":"https:\/\/journalist-und-christ.de\/index.php?rest_route=%2Fwp%2Fv2%2Fcategories&post=279"},{"taxonomy":"post_tag","embeddable":true,"href":"https:\/\/journalist-und-christ.de\/index.php?rest_route=%2Fwp%2Fv2%2Ftags&post=279"}],"curies":[{"name":"wp","href":"https:\/\/api.w.org\/{rel}","templated":true}]}}