{"id":258,"date":"2022-11-15T21:34:00","date_gmt":"2022-11-15T20:34:00","guid":{"rendered":"https:\/\/journalist-und-christ.de\/?p=258"},"modified":"2022-11-16T12:36:48","modified_gmt":"2022-11-16T11:36:48","slug":"32-putin-es-reicht","status":"publish","type":"post","link":"https:\/\/journalist-und-christ.de\/?p=258","title":{"rendered":"32: Putin, es reicht!"},"content":{"rendered":"<!--[if lt IE 9]><script>document.createElement('audio');<\/script><![endif]-->\n<audio class=\"wp-audio-shortcode\" id=\"audio-258-1\" preload=\"none\" style=\"width: 100%;\" controls=\"controls\"><source type=\"audio\/mpeg\" src=\"https:\/\/journalist-und-christ.podcaster.de\/journalist-und-christ\/media\/Folge_32_Putin_es_reicht.mp3?_=1\" \/><a href=\"https:\/\/journalist-und-christ.podcaster.de\/journalist-und-christ\/media\/Folge_32_Putin_es_reicht.mp3\">https:\/\/journalist-und-christ.podcaster.de\/journalist-und-christ\/media\/Folge_32_Putin_es_reicht.mp3<\/a><\/audio>\n<p>Die UN-Vollversammlung fordert die Ukraine auf, die Zerst\u00f6rung durch den Krieg Russlands in dem Land zu dokumentieren, um sp\u00e4ter Entsch\u00e4digungen von Russland fordern zu k\u00f6nnen.<\/p>\n<p>Putin, es reicht!<\/p>\n<p>US-Pr\u00e4sident Biden und Chinas Partei- und Staatschef Xi verurteilen die Atomkriegs-Drohung Russlands gegen die Ukraine gemeinsam.<\/p>\n<p>Putin, es reicht!<\/p>\n<p>Die G20-Staaten verurteilen Russlands Krieg gegen die Ukraine auf Sch\u00e4rfste.<\/p>\n<p>Putin, es reicht!<\/p>\n<p>Am Abend antwortet Russland mit dem massivsten Beschuss auf die Ukraine, den es bislang gab.<\/p>\n<p>Zwei Raketen schlagen nahe der ukrainischen Grenze in einem polnischen Dorf ein \u2013 t\u00f6ten auf NATO-Gebiet zwei Menschen.<\/p>\n<p>Putin, es reicht!<\/p>\n<p>Bis hierher und nicht weiter.<\/p>\n\n\n<!--more-->\n\n\n\n<h2 class=\"wp-block-heading\">Hinweis <\/h2>\n\n\n\n<p>Polens Pr\u00e4sident Duda teilte inzwischen mit, die Rakete stammte sehr wahrscheinlich von der ukrainischen Luftabwehr. Es gebe keinen Hinweis f\u00fcr einen Angriff auf Polen.<\/p>\n\n\n\n<p>Das \u00e4ndert allerdings nichts an meiner Grundaussage: Putin, es reicht!<\/p>\n","protected":false},"excerpt":{"rendered":"<p>Die UN-Vollversammlung fordert die Ukraine auf, die Zerst\u00f6rung durch den Krieg Russlands in dem Land zu dokumentieren, um sp\u00e4ter Entsch\u00e4digungen von Russland fordern zu k\u00f6nnen.<\/p>\n<p>Putin, es reicht!<\/p>\n<p>US-Pr\u00e4sident Biden und Chinas Partei- und Staatschef Xi verurteilen die Atomkriegs-Drohung Russlands gegen die Ukraine gemeinsam.<\/p>\n<p>Putin, es reicht!<\/p>\n<p>Die G20-Staaten verurteilen Russlands Krieg gegen die Ukraine auf Sch\u00e4rfste.<\/p>\n<p>Putin, es reicht!<\/p>\n<p>Am Abend antwortet Russland mit dem massivsten Beschuss auf die Ukraine, den es bislang gab.<\/p>\n<p>Zwei Raketen schlagen nahe der ukrainischen Grenze in einem polnischen Dorf ein \u2013 t\u00f6ten auf NATO-Gebiet zwei Menschen.<\/p>\n<p>Putin, es reicht!<\/p>\n<p>Bis hierher und nicht weiter.<\/p>\n","protected":false},"author":1,"featured_media":259,"comment_status":"open","ping_status":"open","sticky":false,"template":"","format":"standard","meta":{"footnotes":""},"categories":[110,2,9],"tags":[276,277,279,269,14,273,274,11,275,17,268,16,270,272,271,255,13,278],"views":842,"_links":{"self":[{"href":"https:\/\/journalist-und-christ.de\/index.php?rest_route=\/wp\/v2\/posts\/258"}],"collection":[{"href":"https:\/\/journalist-und-christ.de\/index.php?rest_route=\/wp\/v2\/posts"}],"about":[{"href":"https:\/\/journalist-und-christ.de\/index.php?rest_route=\/wp\/v2\/types\/post"}],"author":[{"embeddable":true,"href":"https:\/\/journalist-und-christ.de\/index.php?rest_route=\/wp\/v2\/users\/1"}],"replies":[{"embeddable":true,"href":"https:\/\/journalist-und-christ.de\/index.php?rest_route=%2Fwp%2Fv2%2Fcomments&post=258"}],"version-history":[{"count":8,"href":"https:\/\/journalist-und-christ.de\/index.php?rest_route=\/wp\/v2\/posts\/258\/revisions"}],"predecessor-version":[{"id":272,"href":"https:\/\/journalist-und-christ.de\/index.php?rest_route=\/wp\/v2\/posts\/258\/revisions\/272"}],"wp:featuredmedia":[{"embeddable":true,"href":"https:\/\/journalist-und-christ.de\/index.php?rest_route=\/wp\/v2\/media\/259"}],"wp:attachment":[{"href":"https:\/\/journalist-und-christ.de\/index.php?rest_route=%2Fwp%2Fv2%2Fmedia&parent=258"}],"wp:term":[{"taxonomy":"category","embeddable":true,"href":"https:\/\/journalist-und-christ.de\/index.php?rest_route=%2Fwp%2Fv2%2Fcategories&post=258"},{"taxonomy":"post_tag","embeddable":true,"href":"https:\/\/journalist-und-christ.de\/index.php?rest_route=%2Fwp%2Fv2%2Ftags&post=258"}],"curies":[{"name":"wp","href":"https:\/\/api.w.org\/{rel}","templated":true}]}}