{"id":254,"date":"2022-11-12T10:35:00","date_gmt":"2022-11-12T09:35:00","guid":{"rendered":"https:\/\/journalist-und-christ.de\/?p=254"},"modified":"2022-11-12T11:41:55","modified_gmt":"2022-11-12T10:41:55","slug":"31-schrei-nach-aufmerksamkeit","status":"publish","type":"post","link":"https:\/\/journalist-und-christ.de\/?p=254","title":{"rendered":"31: Schrei nach Aufmerksamkeit"},"content":{"rendered":"<!--[if lt IE 9]><script>document.createElement('audio');<\/script><![endif]-->\n<audio class=\"wp-audio-shortcode\" id=\"audio-254-1\" preload=\"none\" style=\"width: 100%;\" controls=\"controls\"><source type=\"audio\/mpeg\" src=\"https:\/\/journalist-und-christ.podcaster.de\/journalist-und-christ\/media\/Folge_31_Schrei_nach_Aufmerksamkeit.mp3?_=1\" \/><a href=\"https:\/\/journalist-und-christ.podcaster.de\/journalist-und-christ\/media\/Folge_31_Schrei_nach_Aufmerksamkeit.mp3\">https:\/\/journalist-und-christ.podcaster.de\/journalist-und-christ\/media\/Folge_31_Schrei_nach_Aufmerksamkeit.mp3<\/a><\/audio>\n<p>Klimaaktivisten zerst\u00f6ren Kultur. Doch man kann Klimazerst\u00f6rung nicht durch Kulturzerst\u00f6rung stoppen. Klimaschutz braucht \u00dcberzeugung. Aber die Aktivisten haben mit ihren Aktionen jetzt genau das Gegenteil erreicht. Immer mehr wenden sich von ihren Gedanken ab. Dabei ist der Klimaschutz f\u00fcr alle wichtig und kann sogar christlich begr\u00fcndet werden.<\/p>\n","protected":false},"excerpt":{"rendered":"<p>Klimaaktivisten zerst\u00f6ren Kultur. Doch man kann Klimazerst\u00f6rung nicht durch Kulturzerst\u00f6rung stoppen. Klimaschutz braucht \u00dcberzeugung. Aber die Aktivisten haben mit ihren Aktionen jetzt genau das Gegenteil erreicht. Immer mehr wenden sich von ihren Gedanken ab. Dabei ist der Klimaschutz f\u00fcr alle wichtig und kann sogar christlich begr\u00fcndet werden.<\/p>\n","protected":false},"author":1,"featured_media":255,"comment_status":"open","ping_status":"open","sticky":false,"template":"","format":"standard","meta":{"footnotes":""},"categories":[76,8,33,2,9,159,161],"tags":[264,262,266,259,257,258,256,155,260,261,263,267,265,158,232],"views":846,"_links":{"self":[{"href":"https:\/\/journalist-und-christ.de\/index.php?rest_route=\/wp\/v2\/posts\/254"}],"collection":[{"href":"https:\/\/journalist-und-christ.de\/index.php?rest_route=\/wp\/v2\/posts"}],"about":[{"href":"https:\/\/journalist-und-christ.de\/index.php?rest_route=\/wp\/v2\/types\/post"}],"author":[{"embeddable":true,"href":"https:\/\/journalist-und-christ.de\/index.php?rest_route=\/wp\/v2\/users\/1"}],"replies":[{"embeddable":true,"href":"https:\/\/journalist-und-christ.de\/index.php?rest_route=%2Fwp%2Fv2%2Fcomments&post=254"}],"version-history":[{"count":1,"href":"https:\/\/journalist-und-christ.de\/index.php?rest_route=\/wp\/v2\/posts\/254\/revisions"}],"predecessor-version":[{"id":256,"href":"https:\/\/journalist-und-christ.de\/index.php?rest_route=\/wp\/v2\/posts\/254\/revisions\/256"}],"wp:featuredmedia":[{"embeddable":true,"href":"https:\/\/journalist-und-christ.de\/index.php?rest_route=\/wp\/v2\/media\/255"}],"wp:attachment":[{"href":"https:\/\/journalist-und-christ.de\/index.php?rest_route=%2Fwp%2Fv2%2Fmedia&parent=254"}],"wp:term":[{"taxonomy":"category","embeddable":true,"href":"https:\/\/journalist-und-christ.de\/index.php?rest_route=%2Fwp%2Fv2%2Fcategories&post=254"},{"taxonomy":"post_tag","embeddable":true,"href":"https:\/\/journalist-und-christ.de\/index.php?rest_route=%2Fwp%2Fv2%2Ftags&post=254"}],"curies":[{"name":"wp","href":"https:\/\/api.w.org\/{rel}","templated":true}]}}