{"id":242,"date":"2022-11-09T17:03:00","date_gmt":"2022-11-09T16:03:00","guid":{"rendered":"https:\/\/journalist-und-christ.de\/?p=242"},"modified":"2022-11-09T18:08:54","modified_gmt":"2022-11-09T17:08:54","slug":"29-tempo-100-fuer-gottes-bodenpersonal","status":"publish","type":"post","link":"https:\/\/journalist-und-christ.de\/?p=242","title":{"rendered":"29: Tempo 100 f\u00fcr Gottes Bodenpersonal"},"content":{"rendered":"<!--[if lt IE 9]><script>document.createElement('audio');<\/script><![endif]-->\n<audio class=\"wp-audio-shortcode\" id=\"audio-242-1\" preload=\"none\" style=\"width: 100%;\" controls=\"controls\"><source type=\"audio\/mpeg\" src=\"https:\/\/journalist-und-christ.podcaster.de\/journalist-und-christ\/media\/Folge_29_Tempolimit_fuer_Gottes_Bodenpersonal.mp3?_=1\" \/><a href=\"https:\/\/journalist-und-christ.podcaster.de\/journalist-und-christ\/media\/Folge_29_Tempolimit_fuer_Gottes_Bodenpersonal.mp3\">https:\/\/journalist-und-christ.podcaster.de\/journalist-und-christ\/media\/Folge_29_Tempolimit_fuer_Gottes_Bodenpersonal.mp3<\/a><\/audio>\n<p>Es mag ein wenig komisch klingen: Bisch\u00f6fe, Pastoren und alle anderen Mitarbeiterinnen und Mitarbeiter der Evangelischen Kirche in Deutschland sollen k\u00fcnftig im kirchlichen Auftrag nur maximal 100 km\/h auf Autobahnen und maximal 80 km\/h auf Land- und Bundesstra\u00dfen fahren. Oh, mein Gott. Was soll das? Ich denke, das ist eine gute Idee. Gottes Sch\u00f6pfung auch mal ganz praktisch selber sch\u00fctzen. CO2-Aussto\u00df senken und den Klimawandel verlangsamen oder verhindern. Weiter so.<\/p>\n","protected":false},"excerpt":{"rendered":"<p>Es mag ein wenig komisch klingen: Bisch\u00f6fe, Pastoren und alle anderen Mitarbeiterinnen und Mitarbeiter der Evangelischen Kirche in Deutschland sollen k\u00fcnftig im kirchlichen Auftrag nur maximal 100 km\/h auf Autobahnen und maximal 80 km\/h auf Land- und Bundesstra\u00dfen fahren. Oh, mein Gott. Was soll das? Ich denke, das ist eine gute Idee. Gottes Sch\u00f6pfung auch mal ganz praktisch selber sch\u00fctzen. CO2-Aussto\u00df senken und den Klimawandel verlangsamen oder verhindern. Weiter so.<\/p>\n","protected":false},"author":1,"featured_media":243,"comment_status":"open","ping_status":"open","sticky":false,"template":"","format":"standard","meta":{"footnotes":""},"categories":[76,8,75,2,9,159,161],"tags":[249,245,244,243,251,48,247,250,248,246,242,158,232,252,186],"views":758,"_links":{"self":[{"href":"https:\/\/journalist-und-christ.de\/index.php?rest_route=\/wp\/v2\/posts\/242"}],"collection":[{"href":"https:\/\/journalist-und-christ.de\/index.php?rest_route=\/wp\/v2\/posts"}],"about":[{"href":"https:\/\/journalist-und-christ.de\/index.php?rest_route=\/wp\/v2\/types\/post"}],"author":[{"embeddable":true,"href":"https:\/\/journalist-und-christ.de\/index.php?rest_route=\/wp\/v2\/users\/1"}],"replies":[{"embeddable":true,"href":"https:\/\/journalist-und-christ.de\/index.php?rest_route=%2Fwp%2Fv2%2Fcomments&post=242"}],"version-history":[{"count":2,"href":"https:\/\/journalist-und-christ.de\/index.php?rest_route=\/wp\/v2\/posts\/242\/revisions"}],"predecessor-version":[{"id":245,"href":"https:\/\/journalist-und-christ.de\/index.php?rest_route=\/wp\/v2\/posts\/242\/revisions\/245"}],"wp:featuredmedia":[{"embeddable":true,"href":"https:\/\/journalist-und-christ.de\/index.php?rest_route=\/wp\/v2\/media\/243"}],"wp:attachment":[{"href":"https:\/\/journalist-und-christ.de\/index.php?rest_route=%2Fwp%2Fv2%2Fmedia&parent=242"}],"wp:term":[{"taxonomy":"category","embeddable":true,"href":"https:\/\/journalist-und-christ.de\/index.php?rest_route=%2Fwp%2Fv2%2Fcategories&post=242"},{"taxonomy":"post_tag","embeddable":true,"href":"https:\/\/journalist-und-christ.de\/index.php?rest_route=%2Fwp%2Fv2%2Ftags&post=242"}],"curies":[{"name":"wp","href":"https:\/\/api.w.org\/{rel}","templated":true}]}}