{"id":241,"date":"2022-10-03T10:16:00","date_gmt":"2022-10-03T08:16:00","guid":{"rendered":"https:\/\/journalist-und-christ.de\/?p=241"},"modified":"2022-10-03T10:16:00","modified_gmt":"2022-10-03T08:16:00","slug":"14-der-3-oktober-und-deutschland-gedanken-ueber-deutschland","status":"publish","type":"post","link":"https:\/\/journalist-und-christ.de\/?p=241","title":{"rendered":"14: Der 3. Oktober und Deutschland &#8211; Gedanken \u00fcber Deutschland"},"content":{"rendered":"<!--[if lt IE 9]><script>document.createElement('audio');<\/script><![endif]-->\n<audio class=\"wp-audio-shortcode\" id=\"audio-241-1\" preload=\"none\" style=\"width: 100%;\" controls=\"controls\"><source type=\"audio\/mpeg\" src=\"https:\/\/journalist-und-christ.podcaster.de\/journalist-und-christ\/media\/Folge_14_3Oktober.mp3?_=1\" \/><a href=\"https:\/\/journalist-und-christ.podcaster.de\/journalist-und-christ\/media\/Folge_14_3Oktober.mp3\">https:\/\/journalist-und-christ.podcaster.de\/journalist-und-christ\/media\/Folge_14_3Oktober.mp3<\/a><\/audio>\n<p>Wir feiern heute den Nationalfeiertag. Ja und ich bin stolz darauf. Nicht auf Hitler-Deutschland oder die Nazis, nicht auf die sozialistische Diktatur oder die Monarchie. Sondern auf ein Deutschland, was aus seiner Geschichte &#8211; F\u00fcrstent\u00fcmer,  K\u00f6nigreiche, Kaiserreich, Republik, Hitler-Diktatur, sozialistische Diktatur, Bundesrepublik &#8211; gelernt hat und heute ein demokratischer Rechtsstaat ist.<\/p>\n","protected":false},"excerpt":{"rendered":"<p>Gedanken \u00fcber Deutschland<\/p>\n","protected":false},"author":1,"featured_media":148,"comment_status":"open","ping_status":"open","sticky":false,"template":"","format":"standard","meta":{"footnotes":""},"categories":[2],"tags":[],"views":563,"_links":{"self":[{"href":"https:\/\/journalist-und-christ.de\/index.php?rest_route=\/wp\/v2\/posts\/241"}],"collection":[{"href":"https:\/\/journalist-und-christ.de\/index.php?rest_route=\/wp\/v2\/posts"}],"about":[{"href":"https:\/\/journalist-und-christ.de\/index.php?rest_route=\/wp\/v2\/types\/post"}],"author":[{"embeddable":true,"href":"https:\/\/journalist-und-christ.de\/index.php?rest_route=\/wp\/v2\/users\/1"}],"replies":[{"embeddable":true,"href":"https:\/\/journalist-und-christ.de\/index.php?rest_route=%2Fwp%2Fv2%2Fcomments&post=241"}],"version-history":[{"count":0,"href":"https:\/\/journalist-und-christ.de\/index.php?rest_route=\/wp\/v2\/posts\/241\/revisions"}],"wp:featuredmedia":[{"embeddable":true,"href":"https:\/\/journalist-und-christ.de\/index.php?rest_route=\/wp\/v2\/media\/148"}],"wp:attachment":[{"href":"https:\/\/journalist-und-christ.de\/index.php?rest_route=%2Fwp%2Fv2%2Fmedia&parent=241"}],"wp:term":[{"taxonomy":"category","embeddable":true,"href":"https:\/\/journalist-und-christ.de\/index.php?rest_route=%2Fwp%2Fv2%2Fcategories&post=241"},{"taxonomy":"post_tag","embeddable":true,"href":"https:\/\/journalist-und-christ.de\/index.php?rest_route=%2Fwp%2Fv2%2Ftags&post=241"}],"curies":[{"name":"wp","href":"https:\/\/api.w.org\/{rel}","templated":true}]}}