{"id":235,"date":"2022-11-04T22:46:00","date_gmt":"2022-11-04T21:46:00","guid":{"rendered":"https:\/\/journalist-und-christ.de\/?p=235"},"modified":"2022-11-04T23:53:31","modified_gmt":"2022-11-04T22:53:31","slug":"28-urlaub-ist-pause","status":"publish","type":"post","link":"https:\/\/journalist-und-christ.de\/?p=235","title":{"rendered":"28: Urlaub ist Pause"},"content":{"rendered":"\n<figure class=\"wp-block-audio\"><audio controls src=\"https:\/\/journalist-und-christ.podcaster.de\/journalist-und-christ\/media\/Folge_28_Urlaub_ist_Pause.mp3\"><\/audio><\/figure>\n\n\n\n<p>Schon Gott kannte die Pause. An dem ber\u00fchmten siebenten Tag ruhte er. Auch f\u00fcr uns Menschen ist diese Arbeitsunterbrechung gut. Urlaub lenkt ab. Urlaub schafft Ruhe. Urlaub sorgt daf\u00fcr, dass man wieder gut arbeiten kann. Nach dem Urlaub. Ich urlaube gerade zuhause.<\/p>\n\n\n\n<!--more-->\n\n\n\n<h4 class=\"wp-block-heading\">Bibelzitat im Podcast<\/h4>\n\n\n\n<p>Podcast habe ich einmal die Bibel zitiert. Alles l\u00e4sst sich auch nachlesen auf dem Bibleserver. Klicken Sie einfach <a href=\"https:\/\/www.bibleserver.com\/EU.LUT\/1.Mose2\" target=\"_blank\" rel=\"noreferrer noopener\">hier<\/a>.<\/p>\n","protected":false},"excerpt":{"rendered":"<p>Schon Gott kannte die Pause. An dem ber\u00fchmten siebenten Tag ruhte er. Auch f\u00fcr uns Menschen ist diese Arbeitsunterbrechung gut. Urlaub lenkt ab. Urlaub schafft Ruhe. Urlaub sorgt daf\u00fcr, dass man wieder gut arbeiten kann. Nach dem Urlaub. Ich urlaube gerade zuhause.<\/p>\n","protected":false},"author":1,"featured_media":236,"comment_status":"open","ping_status":"open","sticky":false,"template":"","format":"standard","meta":{"footnotes":""},"categories":[76,8,10,2],"tags":[78,240,241,44,239,238,237],"views":771,"_links":{"self":[{"href":"https:\/\/journalist-und-christ.de\/index.php?rest_route=\/wp\/v2\/posts\/235"}],"collection":[{"href":"https:\/\/journalist-und-christ.de\/index.php?rest_route=\/wp\/v2\/posts"}],"about":[{"href":"https:\/\/journalist-und-christ.de\/index.php?rest_route=\/wp\/v2\/types\/post"}],"author":[{"embeddable":true,"href":"https:\/\/journalist-und-christ.de\/index.php?rest_route=\/wp\/v2\/users\/1"}],"replies":[{"embeddable":true,"href":"https:\/\/journalist-und-christ.de\/index.php?rest_route=%2Fwp%2Fv2%2Fcomments&post=235"}],"version-history":[{"count":4,"href":"https:\/\/journalist-und-christ.de\/index.php?rest_route=\/wp\/v2\/posts\/235\/revisions"}],"predecessor-version":[{"id":240,"href":"https:\/\/journalist-und-christ.de\/index.php?rest_route=\/wp\/v2\/posts\/235\/revisions\/240"}],"wp:featuredmedia":[{"embeddable":true,"href":"https:\/\/journalist-und-christ.de\/index.php?rest_route=\/wp\/v2\/media\/236"}],"wp:attachment":[{"href":"https:\/\/journalist-und-christ.de\/index.php?rest_route=%2Fwp%2Fv2%2Fmedia&parent=235"}],"wp:term":[{"taxonomy":"category","embeddable":true,"href":"https:\/\/journalist-und-christ.de\/index.php?rest_route=%2Fwp%2Fv2%2Fcategories&post=235"},{"taxonomy":"post_tag","embeddable":true,"href":"https:\/\/journalist-und-christ.de\/index.php?rest_route=%2Fwp%2Fv2%2Ftags&post=235"}],"curies":[{"name":"wp","href":"https:\/\/api.w.org\/{rel}","templated":true}]}}