{"id":230,"date":"2022-10-30T08:33:00","date_gmt":"2022-10-30T07:33:00","guid":{"rendered":"https:\/\/journalist-und-christ.de\/?p=230"},"modified":"2022-10-30T09:41:19","modified_gmt":"2022-10-30T08:41:19","slug":"27-zwei-jahre-unterwegs-im-elektroauto-ich-bedauere-nichts","status":"publish","type":"post","link":"https:\/\/journalist-und-christ.de\/?p=230","title":{"rendered":"27: Zwei Jahre unterwegs im Elektroauto &#8211; Ich bedauere nichts"},"content":{"rendered":"<!--[if lt IE 9]><script>document.createElement('audio');<\/script><![endif]-->\n<audio class=\"wp-audio-shortcode\" id=\"audio-230-1\" preload=\"none\" style=\"width: 100%;\" controls=\"controls\"><source type=\"audio\/mpeg\" src=\"https:\/\/journalist-und-christ.podcaster.de\/journalist-und-christ\/media\/Folge_27_Zwei_Jahre_Elektroauto.mp3?_=1\" \/><a href=\"https:\/\/journalist-und-christ.podcaster.de\/journalist-und-christ\/media\/Folge_27_Zwei_Jahre_Elektroauto.mp3\">https:\/\/journalist-und-christ.podcaster.de\/journalist-und-christ\/media\/Folge_27_Zwei_Jahre_Elektroauto.mp3<\/a><\/audio>\n<p>Zwei Jahre bin ich jetzt im Elektroauto unterwegs. Und ich habe keinen Tag bedauert. Es bringt einfach Spa\u00df. Und alles, was mir an negativen Ereignissen vorhergesagt wurde, ist nicht eingetroffen. Ich fahre g\u00fcnstiger, als ich mit Benzin gefahren bin. Es gibt Preiserh\u00f6hungen. Ja. Aber im Verh\u00e4ltnis zum Benzin ist das unwesentlich. Zwei waren es in zwei Jahren. Und es macht Spa\u00df, anderen schon um ein paar Jahre voraus zu sein.<\/p>\n","protected":false},"excerpt":{"rendered":"<p>Zwei Jahre bin ich jetzt im Elektroauto unterwegs. Und ich habe keinen Tag bedauert. Es bringt einfach Spa\u00df. Und alles, was mir an negativen Ereignissen vorhergesagt wurde, ist nicht eingetroffen. Ich fahre g\u00fcnstiger, als ich mit Benzin gefahren bin. Es gibt Preiserh\u00f6hungen. Ja. Aber im Verh\u00e4ltnis zum Benzin ist das unwesentlich. Zwei waren es in zwei Jahren. Und es macht Spa\u00df, anderen schon um ein paar Jahre voraus zu sein.<\/p>\n","protected":false},"author":1,"featured_media":231,"comment_status":"open","ping_status":"open","sticky":false,"template":"","format":"standard","meta":{"footnotes":""},"categories":[10,2,159,161],"tags":[236,231,225,229,230,178,227,228,234,158,232,233,186,226],"views":801,"_links":{"self":[{"href":"https:\/\/journalist-und-christ.de\/index.php?rest_route=\/wp\/v2\/posts\/230"}],"collection":[{"href":"https:\/\/journalist-und-christ.de\/index.php?rest_route=\/wp\/v2\/posts"}],"about":[{"href":"https:\/\/journalist-und-christ.de\/index.php?rest_route=\/wp\/v2\/types\/post"}],"author":[{"embeddable":true,"href":"https:\/\/journalist-und-christ.de\/index.php?rest_route=\/wp\/v2\/users\/1"}],"replies":[{"embeddable":true,"href":"https:\/\/journalist-und-christ.de\/index.php?rest_route=%2Fwp%2Fv2%2Fcomments&post=230"}],"version-history":[{"count":1,"href":"https:\/\/journalist-und-christ.de\/index.php?rest_route=\/wp\/v2\/posts\/230\/revisions"}],"predecessor-version":[{"id":232,"href":"https:\/\/journalist-und-christ.de\/index.php?rest_route=\/wp\/v2\/posts\/230\/revisions\/232"}],"wp:featuredmedia":[{"embeddable":true,"href":"https:\/\/journalist-und-christ.de\/index.php?rest_route=\/wp\/v2\/media\/231"}],"wp:attachment":[{"href":"https:\/\/journalist-und-christ.de\/index.php?rest_route=%2Fwp%2Fv2%2Fmedia&parent=230"}],"wp:term":[{"taxonomy":"category","embeddable":true,"href":"https:\/\/journalist-und-christ.de\/index.php?rest_route=%2Fwp%2Fv2%2Fcategories&post=230"},{"taxonomy":"post_tag","embeddable":true,"href":"https:\/\/journalist-und-christ.de\/index.php?rest_route=%2Fwp%2Fv2%2Ftags&post=230"}],"curies":[{"name":"wp","href":"https:\/\/api.w.org\/{rel}","templated":true}]}}