{"id":226,"date":"2022-10-26T07:02:00","date_gmt":"2022-10-26T05:02:00","guid":{"rendered":"https:\/\/journalist-und-christ.de\/?p=226"},"modified":"2022-10-26T16:22:49","modified_gmt":"2022-10-26T14:22:49","slug":"26-die-voellig-verplante-insel-verkehrsinsel-in-leipzig-sperrt-wendeplatz-fuer-muellabfuhr","status":"publish","type":"post","link":"https:\/\/journalist-und-christ.de\/?p=226","title":{"rendered":"26: Die v\u00f6llig verplante Insel &#8211; Verkehrsinsel in Leipzig sperrt Wendeplatz f\u00fcr M\u00fcllabfuhr"},"content":{"rendered":"<!--[if lt IE 9]><script>document.createElement('audio');<\/script><![endif]-->\n<audio class=\"wp-audio-shortcode\" id=\"audio-226-1\" preload=\"none\" style=\"width: 100%;\" controls=\"controls\"><source type=\"audio\/mpeg\" src=\"https:\/\/journalist-und-christ.podcaster.de\/journalist-und-christ\/media\/Folge_26_Die_voellig_verplante_Insel.mp3?_=1\" \/><a href=\"https:\/\/journalist-und-christ.podcaster.de\/journalist-und-christ\/media\/Folge_26_Die_voellig_verplante_Insel.mp3\">https:\/\/journalist-und-christ.podcaster.de\/journalist-und-christ\/media\/Folge_26_Die_voellig_verplante_Insel.mp3<\/a><\/audio>\n<p>Nachdem eine neugebaute Verkehrsinsel den Wendeplatz der M\u00fcllabfuhr versperrte, konnte nach fast vier Woche der letzte M\u00fcll aus der Stra\u00dfe entfernt werden. Doch eine endg\u00fcltige L\u00f6sung ist noch immer nicht in Sicht. Der Schildb\u00fcrgerstreich in Leipzig geht weiter.<\/p>\n<p>Die komplette Story l\u00e4sst sich <a href=\"https:\/\/michael-voss.eu\/leipzig-baut-strasseninsel-und-sperrt-offenbar-unerwartet-muellfahrzeuge-aus\/\" target=\"_blank\" rel=\"noopener\">hier<\/a> nachlesen.<\/p>\n","protected":false},"excerpt":{"rendered":"<p>Nachdem eine neugebaute Verkehrsinsel den Wendeplatz der M\u00fcllabfuhr versperrte, konnte nach fast vier Woche der letzte M\u00fcll aus der Stra\u00dfe entfernt werden. Doch eine endg\u00fcltige L\u00f6sung ist noch immer nicht in Sicht. Der Schildb\u00fcrgerstreich in Leipzig geht weiter.<\/p>\n","protected":false},"author":1,"featured_media":227,"comment_status":"open","ping_status":"open","sticky":false,"template":"","format":"standard","meta":{"footnotes":""},"categories":[2,9,161],"tags":[224,190,31,195,192,178,180,179,194,188,183,191,187,181,182,184,193,189,186],"views":814,"_links":{"self":[{"href":"https:\/\/journalist-und-christ.de\/index.php?rest_route=\/wp\/v2\/posts\/226"}],"collection":[{"href":"https:\/\/journalist-und-christ.de\/index.php?rest_route=\/wp\/v2\/posts"}],"about":[{"href":"https:\/\/journalist-und-christ.de\/index.php?rest_route=\/wp\/v2\/types\/post"}],"author":[{"embeddable":true,"href":"https:\/\/journalist-und-christ.de\/index.php?rest_route=\/wp\/v2\/users\/1"}],"replies":[{"embeddable":true,"href":"https:\/\/journalist-und-christ.de\/index.php?rest_route=%2Fwp%2Fv2%2Fcomments&post=226"}],"version-history":[{"count":2,"href":"https:\/\/journalist-und-christ.de\/index.php?rest_route=\/wp\/v2\/posts\/226\/revisions"}],"predecessor-version":[{"id":229,"href":"https:\/\/journalist-und-christ.de\/index.php?rest_route=\/wp\/v2\/posts\/226\/revisions\/229"}],"wp:featuredmedia":[{"embeddable":true,"href":"https:\/\/journalist-und-christ.de\/index.php?rest_route=\/wp\/v2\/media\/227"}],"wp:attachment":[{"href":"https:\/\/journalist-und-christ.de\/index.php?rest_route=%2Fwp%2Fv2%2Fmedia&parent=226"}],"wp:term":[{"taxonomy":"category","embeddable":true,"href":"https:\/\/journalist-und-christ.de\/index.php?rest_route=%2Fwp%2Fv2%2Fcategories&post=226"},{"taxonomy":"post_tag","embeddable":true,"href":"https:\/\/journalist-und-christ.de\/index.php?rest_route=%2Fwp%2Fv2%2Ftags&post=226"}],"curies":[{"name":"wp","href":"https:\/\/api.w.org\/{rel}","templated":true}]}}