{"id":221,"date":"2022-10-23T08:06:00","date_gmt":"2022-10-23T06:06:00","guid":{"rendered":"https:\/\/journalist-und-christ.de\/?p=221"},"modified":"2022-10-23T10:14:58","modified_gmt":"2022-10-23T08:14:58","slug":"25-auch-journalisten-haben-das-recht-auf-eine-eigene-meinung","status":"publish","type":"post","link":"https:\/\/journalist-und-christ.de\/?p=221","title":{"rendered":"25: Auch Journalisten haben das Recht auf eine eigene Meinung"},"content":{"rendered":"<!--[if lt IE 9]><script>document.createElement('audio');<\/script><![endif]-->\n<audio class=\"wp-audio-shortcode\" id=\"audio-221-1\" preload=\"none\" style=\"width: 100%;\" controls=\"controls\"><source type=\"audio\/mpeg\" src=\"https:\/\/journalist-und-christ.podcaster.de\/journalist-und-christ\/media\/Folge_25_Auch_Journalisten_haben_das_Recht_auf_eine_eigene_Meinung.mp3?_=1\" \/><a href=\"https:\/\/journalist-und-christ.podcaster.de\/journalist-und-christ\/media\/Folge_25_Auch_Journalisten_haben_das_Recht_auf_eine_eigene_Meinung.mp3\">https:\/\/journalist-und-christ.podcaster.de\/journalist-und-christ\/media\/Folge_25_Auch_Journalisten_haben_das_Recht_auf_eine_eigene_Meinung.mp3<\/a><\/audio>\n<p>Ein paar Gedanken dazu, was Meinungsfreiheit f\u00fcr Journalisten bedeutet. Und die Idee, dass der Satz \u201eSie als \u00f6ffentlich-rechtlicher Journalist m\u00fcssen auch privat neutral sein.\u201c einfach falsch ist. Unsere eigene Meinung k\u00f6nnen wir immer und jederzeit \u00e4u\u00dfern. Nur unsere Berichterstattung muss m\u00f6glichst neutral und objektiv sein. Als Kommentar oder Einsch\u00e4tzung jedoch, k\u00f6nnen wir unsere Meinung sogar im Dienst los werden.<\/p>\n<h3>Link<\/h3>\n<ul>\n<li><a href=\"https:\/\/www.bundestag.de\/parlament\/aufgaben\/rechtsgrundlagen\/grundgesetz\" rel=\"noopener noreferrer nofollow\">Grundgesetz<\/a><\/li>\n<\/ul>\n","protected":false},"excerpt":{"rendered":"<p>Ein paar Gedanken dazu, was Meinungsfreiheit f\u00fcr Journalisten bedeutet. Und die Idee, dass der Satz \u201eSie als \u00f6ffentlich-rechtlicher Journalist m\u00fcssen auch privat neutral sein.\u201c einfach falsch ist. Unsere eigene Meinung k\u00f6nnen wir immer und jederzeit \u00e4u\u00dfern. Nur unsere Berichterstattung muss m\u00f6glichst neutral und objektiv sein. Als Kommentar oder Einsch\u00e4tzung jedoch, k\u00f6nnen wir unsere Meinung sogar im Dienst los werden.<\/p>\n","protected":false},"author":1,"featured_media":223,"comment_status":"open","ping_status":"open","sticky":false,"template":"","format":"standard","meta":{"footnotes":""},"categories":[7,2,9],"tags":[223,55,50,222,54,217,219,218,176,221,220],"views":739,"_links":{"self":[{"href":"https:\/\/journalist-und-christ.de\/index.php?rest_route=\/wp\/v2\/posts\/221"}],"collection":[{"href":"https:\/\/journalist-und-christ.de\/index.php?rest_route=\/wp\/v2\/posts"}],"about":[{"href":"https:\/\/journalist-und-christ.de\/index.php?rest_route=\/wp\/v2\/types\/post"}],"author":[{"embeddable":true,"href":"https:\/\/journalist-und-christ.de\/index.php?rest_route=\/wp\/v2\/users\/1"}],"replies":[{"embeddable":true,"href":"https:\/\/journalist-und-christ.de\/index.php?rest_route=%2Fwp%2Fv2%2Fcomments&post=221"}],"version-history":[{"count":2,"href":"https:\/\/journalist-und-christ.de\/index.php?rest_route=\/wp\/v2\/posts\/221\/revisions"}],"predecessor-version":[{"id":224,"href":"https:\/\/journalist-und-christ.de\/index.php?rest_route=\/wp\/v2\/posts\/221\/revisions\/224"}],"wp:featuredmedia":[{"embeddable":true,"href":"https:\/\/journalist-und-christ.de\/index.php?rest_route=\/wp\/v2\/media\/223"}],"wp:attachment":[{"href":"https:\/\/journalist-und-christ.de\/index.php?rest_route=%2Fwp%2Fv2%2Fmedia&parent=221"}],"wp:term":[{"taxonomy":"category","embeddable":true,"href":"https:\/\/journalist-und-christ.de\/index.php?rest_route=%2Fwp%2Fv2%2Fcategories&post=221"},{"taxonomy":"post_tag","embeddable":true,"href":"https:\/\/journalist-und-christ.de\/index.php?rest_route=%2Fwp%2Fv2%2Ftags&post=221"}],"curies":[{"name":"wp","href":"https:\/\/api.w.org\/{rel}","templated":true}]}}