{"id":217,"date":"2022-10-21T06:31:00","date_gmt":"2022-10-21T04:31:00","guid":{"rendered":"https:\/\/journalist-und-christ.de\/?p=217"},"modified":"2022-10-21T08:35:11","modified_gmt":"2022-10-21T06:35:11","slug":"24-liebe-stadt-leipzig-tun-sie-was","status":"publish","type":"post","link":"https:\/\/journalist-und-christ.de\/?p=217","title":{"rendered":"24: Liebe Stadt Leipzig, tun Sie was!"},"content":{"rendered":"<!--[if lt IE 9]><script>document.createElement('audio');<\/script><![endif]-->\n<audio class=\"wp-audio-shortcode\" id=\"audio-217-1\" preload=\"none\" style=\"width: 100%;\" controls=\"controls\"><source type=\"audio\/mpeg\" src=\"https:\/\/journalist-und-christ.podcaster.de\/journalist-und-christ\/media\/Folge_24_Muell.mp3?_=1\" \/><a href=\"https:\/\/journalist-und-christ.podcaster.de\/journalist-und-christ\/media\/Folge_24_Muell.mp3\">https:\/\/journalist-und-christ.podcaster.de\/journalist-und-christ\/media\/Folge_24_Muell.mp3<\/a><\/audio>\n<p>Dank des Einsatzes einiger Mitarbeiter der M\u00fcllbetriebe in Leipzig ist inzwischen ein Teil des M\u00fclls in der Stra\u00dfe Am Tanzplan nach Wochen abgeholt worden. Doch es droht erneut ein Stopp der M\u00fcllentsorgung in der Stra\u00dfe.<\/p>\n","protected":false},"excerpt":{"rendered":"<p>Dank des Einsatzes einiger Mitarbeiter der M\u00fcllbetriebe in Leipzig ist inzwischen ein Teil des M\u00fclls in der Stra\u00dfe Am Tanzplan nach Wochen abgeholt worden. Doch es droht erneut ein Stopp der M\u00fcllentsorgung in der Stra\u00dfe.<\/p>\n","protected":false},"author":1,"featured_media":218,"comment_status":"open","ping_status":"open","sticky":false,"template":"","format":"standard","meta":{"footnotes":""},"categories":[2,9,159,161,140],"tags":[190,31,195,192,178,180,179,194,188,183,191,187,181,182,184,193,189,186],"views":787,"_links":{"self":[{"href":"https:\/\/journalist-und-christ.de\/index.php?rest_route=\/wp\/v2\/posts\/217"}],"collection":[{"href":"https:\/\/journalist-und-christ.de\/index.php?rest_route=\/wp\/v2\/posts"}],"about":[{"href":"https:\/\/journalist-und-christ.de\/index.php?rest_route=\/wp\/v2\/types\/post"}],"author":[{"embeddable":true,"href":"https:\/\/journalist-und-christ.de\/index.php?rest_route=\/wp\/v2\/users\/1"}],"replies":[{"embeddable":true,"href":"https:\/\/journalist-und-christ.de\/index.php?rest_route=%2Fwp%2Fv2%2Fcomments&post=217"}],"version-history":[{"count":1,"href":"https:\/\/journalist-und-christ.de\/index.php?rest_route=\/wp\/v2\/posts\/217\/revisions"}],"predecessor-version":[{"id":219,"href":"https:\/\/journalist-und-christ.de\/index.php?rest_route=\/wp\/v2\/posts\/217\/revisions\/219"}],"wp:featuredmedia":[{"embeddable":true,"href":"https:\/\/journalist-und-christ.de\/index.php?rest_route=\/wp\/v2\/media\/218"}],"wp:attachment":[{"href":"https:\/\/journalist-und-christ.de\/index.php?rest_route=%2Fwp%2Fv2%2Fmedia&parent=217"}],"wp:term":[{"taxonomy":"category","embeddable":true,"href":"https:\/\/journalist-und-christ.de\/index.php?rest_route=%2Fwp%2Fv2%2Fcategories&post=217"},{"taxonomy":"post_tag","embeddable":true,"href":"https:\/\/journalist-und-christ.de\/index.php?rest_route=%2Fwp%2Fv2%2Ftags&post=217"}],"curies":[{"name":"wp","href":"https:\/\/api.w.org\/{rel}","templated":true}]}}