{"id":212,"date":"2022-10-20T18:49:00","date_gmt":"2022-10-20T16:49:00","guid":{"rendered":"https:\/\/journalist-und-christ.de\/?p=212"},"modified":"2022-10-20T20:55:54","modified_gmt":"2022-10-20T18:55:54","slug":"23-beten-fuer-iran-eine-nachricht-fuer-mich","status":"publish","type":"post","link":"https:\/\/journalist-und-christ.de\/?p=212","title":{"rendered":"23: Beten f\u00fcr Iran &#8211; Eine Nachricht f\u00fcr mich"},"content":{"rendered":"<!--[if lt IE 9]><script>document.createElement('audio');<\/script><![endif]-->\n<audio class=\"wp-audio-shortcode\" id=\"audio-212-1\" preload=\"none\" style=\"width: 100%;\" controls=\"controls\"><source type=\"audio\/mpeg\" src=\"https:\/\/journalist-und-christ.podcaster.de\/journalist-und-christ\/media\/Folge_23_Beten_fuer_Iran.mp3?_=1\" \/><a href=\"https:\/\/journalist-und-christ.podcaster.de\/journalist-und-christ\/media\/Folge_23_Beten_fuer_Iran.mp3\">https:\/\/journalist-und-christ.podcaster.de\/journalist-und-christ\/media\/Folge_23_Beten_fuer_Iran.mp3<\/a><\/audio>\n<p>Ich habe heute eine Whats App-Nachricht bekommen. Warum ich nichts zum Iran sage oder schreibe. Ich w\u00fcrde doch sonst so viel posten. Ich habe ehrlich geantwortet: Ich \u00e4u\u00dfere mich immer zu Themen, mit denen ich mich auskenne. Nun habe ich mich doch zum Iran ge\u00e4u\u00dfert. Und man h\u00f6rt es mir auch an, dass ich noch im Erz\u00e4hlen nachdenke. Am Ende bleibt mir als Christ nur f\u00fcr den Iran zu beten. F\u00fcr Frieden und f\u00fcr Menschenliebe.<\/p>\n","protected":false},"excerpt":{"rendered":"<p>Ich habe heute eine Whats App-Nachricht bekommen. Warum ich nichts zum Iran sage oder schreibe. Ich w\u00fcrde doch sonst so viel posten. Ich habe ehrlich geantwortet: Ich \u00e4u\u00dfere mich immer zu Themen, mit denen ich mich auskenne. Nun habe ich mich doch zum Iran ge\u00e4u\u00dfert. Und man h\u00f6rt es mir auch an, dass ich noch im Erz\u00e4hlen nachdenke. Am Ende bleibt mir als Christ nur f\u00fcr den Iran zu beten. F\u00fcr Frieden und f\u00fcr Menschenliebe.<\/p>\n","protected":false},"author":1,"featured_media":213,"comment_status":"open","ping_status":"open","sticky":false,"template":"","format":"standard","meta":{"footnotes":""},"categories":[8,75,2,9],"tags":[214,215,213,48,208,211,209,101,216,210],"views":808,"_links":{"self":[{"href":"https:\/\/journalist-und-christ.de\/index.php?rest_route=\/wp\/v2\/posts\/212"}],"collection":[{"href":"https:\/\/journalist-und-christ.de\/index.php?rest_route=\/wp\/v2\/posts"}],"about":[{"href":"https:\/\/journalist-und-christ.de\/index.php?rest_route=\/wp\/v2\/types\/post"}],"author":[{"embeddable":true,"href":"https:\/\/journalist-und-christ.de\/index.php?rest_route=\/wp\/v2\/users\/1"}],"replies":[{"embeddable":true,"href":"https:\/\/journalist-und-christ.de\/index.php?rest_route=%2Fwp%2Fv2%2Fcomments&post=212"}],"version-history":[{"count":1,"href":"https:\/\/journalist-und-christ.de\/index.php?rest_route=\/wp\/v2\/posts\/212\/revisions"}],"predecessor-version":[{"id":215,"href":"https:\/\/journalist-und-christ.de\/index.php?rest_route=\/wp\/v2\/posts\/212\/revisions\/215"}],"wp:featuredmedia":[{"embeddable":true,"href":"https:\/\/journalist-und-christ.de\/index.php?rest_route=\/wp\/v2\/media\/213"}],"wp:attachment":[{"href":"https:\/\/journalist-und-christ.de\/index.php?rest_route=%2Fwp%2Fv2%2Fmedia&parent=212"}],"wp:term":[{"taxonomy":"category","embeddable":true,"href":"https:\/\/journalist-und-christ.de\/index.php?rest_route=%2Fwp%2Fv2%2Fcategories&post=212"},{"taxonomy":"post_tag","embeddable":true,"href":"https:\/\/journalist-und-christ.de\/index.php?rest_route=%2Fwp%2Fv2%2Ftags&post=212"}],"curies":[{"name":"wp","href":"https:\/\/api.w.org\/{rel}","templated":true}]}}