{"id":203,"date":"2022-10-17T06:23:00","date_gmt":"2022-10-17T04:23:00","guid":{"rendered":"https:\/\/journalist-und-christ.de\/?p=203"},"modified":"2022-10-17T08:29:36","modified_gmt":"2022-10-17T06:29:36","slug":"21-handeln-nicht-verzoegern-reden-nicht-schweigen","status":"publish","type":"post","link":"https:\/\/journalist-und-christ.de\/?p=203","title":{"rendered":"21: Handeln. Nicht verz\u00f6gern. Reden. Nicht schweigen."},"content":{"rendered":"<!--[if lt IE 9]><script>document.createElement('audio');<\/script><![endif]-->\n<audio class=\"wp-audio-shortcode\" id=\"audio-203-1\" preload=\"none\" style=\"width: 100%;\" controls=\"controls\"><source type=\"audio\/mpeg\" src=\"https:\/\/journalist-und-christ.podcaster.de\/journalist-und-christ\/media\/Folge_21_Handeln.mp3?_=1\" \/><a href=\"https:\/\/journalist-und-christ.podcaster.de\/journalist-und-christ\/media\/Folge_21_Handeln.mp3\">https:\/\/journalist-und-christ.podcaster.de\/journalist-und-christ\/media\/Folge_21_Handeln.mp3<\/a><\/audio>\n<p>Handeln. Nicht verz\u00f6gern. Reden. Nicht schweigen. Die Bundesregierung muss in der Energiekrise jetzt entscheiden. Egal, wie man zu den Gr\u00fcnen steht, sie haben wie keine andere Partei ihre Grunds\u00e4tze tempor\u00e4r ausgesetzt, um auf den Krieg gegen die Ukraine und auf die Energiekrise zu reagieren. Nun muss der Rest der Koalition auch handeln und notfalls muss Kanzler Scholz von der Richtlinienkompetenz Gebrauch machen.<\/p>\n","protected":false},"excerpt":{"rendered":"<p>Handeln. Nicht verz\u00f6gern. Reden. Nicht schweigen. Die Bundesregierung muss in der Energiekrise jetzt entscheiden. Egal, wie man zu den Gr\u00fcnen steht, sie haben wie keine andere Partei ihre Grunds\u00e4tze tempor\u00e4r ausgesetzt, um auf den Krieg gegen die Ukraine und auf die Energiekrise zu reagieren. Nun muss der Rest der Koalition auch handeln und notfalls muss Kanzler Scholz von der Richtlinienkompetenz Gebrauch machen.<\/p>\n","protected":false},"author":1,"featured_media":204,"comment_status":"open","ping_status":"open","sticky":false,"template":"","format":"standard","meta":{"footnotes":""},"categories":[110,2,9,159,140],"tags":[200,207,197,199,23,146,205,204,14,201,196,101,202,198,203,206],"views":718,"_links":{"self":[{"href":"https:\/\/journalist-und-christ.de\/index.php?rest_route=\/wp\/v2\/posts\/203"}],"collection":[{"href":"https:\/\/journalist-und-christ.de\/index.php?rest_route=\/wp\/v2\/posts"}],"about":[{"href":"https:\/\/journalist-und-christ.de\/index.php?rest_route=\/wp\/v2\/types\/post"}],"author":[{"embeddable":true,"href":"https:\/\/journalist-und-christ.de\/index.php?rest_route=\/wp\/v2\/users\/1"}],"replies":[{"embeddable":true,"href":"https:\/\/journalist-und-christ.de\/index.php?rest_route=%2Fwp%2Fv2%2Fcomments&post=203"}],"version-history":[{"count":2,"href":"https:\/\/journalist-und-christ.de\/index.php?rest_route=\/wp\/v2\/posts\/203\/revisions"}],"predecessor-version":[{"id":206,"href":"https:\/\/journalist-und-christ.de\/index.php?rest_route=\/wp\/v2\/posts\/203\/revisions\/206"}],"wp:featuredmedia":[{"embeddable":true,"href":"https:\/\/journalist-und-christ.de\/index.php?rest_route=\/wp\/v2\/media\/204"}],"wp:attachment":[{"href":"https:\/\/journalist-und-christ.de\/index.php?rest_route=%2Fwp%2Fv2%2Fmedia&parent=203"}],"wp:term":[{"taxonomy":"category","embeddable":true,"href":"https:\/\/journalist-und-christ.de\/index.php?rest_route=%2Fwp%2Fv2%2Fcategories&post=203"},{"taxonomy":"post_tag","embeddable":true,"href":"https:\/\/journalist-und-christ.de\/index.php?rest_route=%2Fwp%2Fv2%2Ftags&post=203"}],"curies":[{"name":"wp","href":"https:\/\/api.w.org\/{rel}","templated":true}]}}