{"id":167,"date":"2022-10-09T13:57:00","date_gmt":"2022-10-09T11:57:00","guid":{"rendered":"https:\/\/journalist-und-christ.de\/?p=167"},"modified":"2022-10-09T16:16:18","modified_gmt":"2022-10-09T14:16:18","slug":"17-mein-33-aufstieg-auf-den-brocken","status":"publish","type":"post","link":"https:\/\/journalist-und-christ.de\/?p=167","title":{"rendered":"17: Mein 33. Aufstieg auf den Brocken"},"content":{"rendered":"\n<figure class=\"wp-block-audio\"><audio controls src=\"https:\/\/journalist-und-christ.podcaster.de\/journalist-und-christ\/media\/Folge_17_Mein_33_Aufstieg_auf_den_Brockent.mp3\"><\/audio><\/figure>\n\n\n\n<p>2009 war ich das erste Mal auf dem Brocken. Seit 2017 wandere ich jetzt regelm\u00e4\u00dfig im Sommerhalbjahr m\u00f6glichst jeden Monat auf Norddeutschlands h\u00f6chsten Berg. Am Freitag, 07.10.22 war es das 33. Mal. Und das Besondere: Zun\u00e4chst ging es auf dem Wurmberg in Niedersachsen und von dort dann auf den Brocken in Sachsen-Anhalt. 21 Kilometer Strecke, 700 Meter rauf und 700 Meter hinunter &#8211; dar\u00fcber berichtet diese Folge des Podcasts.<\/p>\n\n\n\n<!--more-->\n\n\n\n<h3 class=\"wp-block-heading\">Die Strecke<\/h3>\n\n\n\n<figure class=\"wp-block-image size-large\"><img loading=\"lazy\" decoding=\"async\" width=\"1024\" height=\"928\" src=\"https:\/\/journalist-und-christ.de\/wp-content\/uploads\/2022\/10\/Screenshot_20221009_160759-1024x928.jpg\" alt=\"Meine 33. Wanderung auf den Brocken\" class=\"wp-image-172\" srcset=\"https:\/\/journalist-und-christ.de\/wp-content\/uploads\/2022\/10\/Screenshot_20221009_160759-1024x928.jpg 1024w, https:\/\/journalist-und-christ.de\/wp-content\/uploads\/2022\/10\/Screenshot_20221009_160759-300x272.jpg 300w, https:\/\/journalist-und-christ.de\/wp-content\/uploads\/2022\/10\/Screenshot_20221009_160759-768x696.jpg 768w, https:\/\/journalist-und-christ.de\/wp-content\/uploads\/2022\/10\/Screenshot_20221009_160759-675x612.jpg 675w, https:\/\/journalist-und-christ.de\/wp-content\/uploads\/2022\/10\/Screenshot_20221009_160759.jpg 1080w\" sizes=\"(max-width: 1024px) 100vw, 1024px\" \/><figcaption>Meine 33. Wanderung auf den Brocken<\/figcaption><\/figure>\n\n\n\n<p>Hier l\u00e4sst sich die 21 Kilometer lange Wanderung nachverfolgen. Am s\u00fcdlichen Punkt ist der Wurmberg. Im Norden liegt der Brocken. Die Ziffern geben die Entfernung in Kilometer an. Den rot markierten Abschnitt habe ich \u00fcbrigens schneller zur\u00fcckgelegt, als die anderen.<\/p>\n\n\n\n<h3 class=\"wp-block-heading\">Weitere Informationen<\/h3>\n\n\n\n<p>Meine bisherigen Erlebnisse auf dem Brocken lassen sich <a href=\"https:\/\/michael-voss.eu\/hobbys-oder-schwerpunkt-themen__trashed\/wanderungen-zum-brocken\/\" rel=\"noopener noreferrer nofollow\">hier<\/a> anschauen.<\/p>\n","protected":false},"excerpt":{"rendered":"<p>2009 war ich das erste Mal auf dem Brocken. Seit 2017 wandere ich jetzt regelm\u00e4\u00dfig im Sommerhalbjahr m\u00f6glichst jeden Monat auf Norddeutschlands h\u00f6chsten Berg. Am Freitag, 07.10.22 war es das 33. Mal. Und das Besondere: Zun\u00e4chst ging es auf dem Wurmberg in Niedersachsen und von dort dann auf den Brocken in Sachsen-Anhalt. 21 Kilometer Strecke, 700 Meter rauf und 700 Meter hinunter &#8211; dar\u00fcber berichtet diese Folge des Podcasts.<\/p>\n","protected":false},"author":1,"featured_media":168,"comment_status":"open","ping_status":"open","sticky":false,"template":"","format":"standard","meta":{"footnotes":""},"categories":[10,2,159,160],"tags":[157,156,147,151,149,155,153,154,152,158,150,148],"views":772,"_links":{"self":[{"href":"https:\/\/journalist-und-christ.de\/index.php?rest_route=\/wp\/v2\/posts\/167"}],"collection":[{"href":"https:\/\/journalist-und-christ.de\/index.php?rest_route=\/wp\/v2\/posts"}],"about":[{"href":"https:\/\/journalist-und-christ.de\/index.php?rest_route=\/wp\/v2\/types\/post"}],"author":[{"embeddable":true,"href":"https:\/\/journalist-und-christ.de\/index.php?rest_route=\/wp\/v2\/users\/1"}],"replies":[{"embeddable":true,"href":"https:\/\/journalist-und-christ.de\/index.php?rest_route=%2Fwp%2Fv2%2Fcomments&post=167"}],"version-history":[{"count":5,"href":"https:\/\/journalist-und-christ.de\/index.php?rest_route=\/wp\/v2\/posts\/167\/revisions"}],"predecessor-version":[{"id":176,"href":"https:\/\/journalist-und-christ.de\/index.php?rest_route=\/wp\/v2\/posts\/167\/revisions\/176"}],"wp:featuredmedia":[{"embeddable":true,"href":"https:\/\/journalist-und-christ.de\/index.php?rest_route=\/wp\/v2\/media\/168"}],"wp:attachment":[{"href":"https:\/\/journalist-und-christ.de\/index.php?rest_route=%2Fwp%2Fv2%2Fmedia&parent=167"}],"wp:term":[{"taxonomy":"category","embeddable":true,"href":"https:\/\/journalist-und-christ.de\/index.php?rest_route=%2Fwp%2Fv2%2Fcategories&post=167"},{"taxonomy":"post_tag","embeddable":true,"href":"https:\/\/journalist-und-christ.de\/index.php?rest_route=%2Fwp%2Fv2%2Ftags&post=167"}],"curies":[{"name":"wp","href":"https:\/\/api.w.org\/{rel}","templated":true}]}}