{"id":121,"date":"2022-09-26T18:11:00","date_gmt":"2022-09-26T16:11:00","guid":{"rendered":"https:\/\/journalist-und-christ.de\/?p=121"},"modified":"2022-09-26T20:31:30","modified_gmt":"2022-09-26T18:31:30","slug":"9-sicherheitsluecke-bei-den-bordkarten-der-lufthansa-dazu-bin-ich-im-gespraech-bei-mdr-aktuell","status":"publish","type":"post","link":"https:\/\/journalist-und-christ.de\/?p=121","title":{"rendered":"9: Sicherheitsl\u00fccke bei den Bordkarten der Lufthansa \u2013 dazu bin ich im Gespr\u00e4ch bei MDR aktuell"},"content":{"rendered":"<!--[if lt IE 9]><script>document.createElement('audio');<\/script><![endif]-->\n<audio class=\"wp-audio-shortcode\" id=\"audio-121-1\" preload=\"none\" style=\"width: 100%;\" controls=\"controls\"><source type=\"audio\/mpeg\" src=\"https:\/\/journalist-und-christ.podcaster.de\/journalist-und-christ\/media\/Folge_9_Sicherheitsluecke_bei_der_Lufthansa.mp3?_=1\" \/><a href=\"https:\/\/journalist-und-christ.podcaster.de\/journalist-und-christ\/media\/Folge_9_Sicherheitsluecke_bei_der_Lufthansa.mp3\">https:\/\/journalist-und-christ.podcaster.de\/journalist-und-christ\/media\/Folge_9_Sicherheitsluecke_bei_der_Lufthansa.mp3<\/a><\/audio>\n<p>Bei der Lufthansa gibt es eine Sicherheitsl\u00fccke bei den Bordkarten. Prominentes Opfer ist ausgerechnet Lufthansa-Chef Carsten Spohr. Dar\u00fcber und \u00fcber Gegenma\u00dfnahmen sprach Peer Vorderw\u00fclbecke im Nachrichtenradio MDR Aktuell mit mir.<\/p>\n","protected":false},"excerpt":{"rendered":"<p>Bei der Lufthansa gibt es eine Sicherheitsl\u00fccke bei den Bordkarten. Prominentes Opfer ist ausgerechnet Lufthansa-Chef Carsten Spohr. Dar\u00fcber und \u00fcber Gegenma\u00dfnahmen sprach Peer Vorderw\u00fclbecke im Nachrichtenradio MDR Aktuell mit mir.<\/p>\n","protected":false},"author":1,"featured_media":122,"comment_status":"open","ping_status":"open","sticky":false,"template":"","format":"standard","meta":{"footnotes":""},"categories":[34,35],"tags":[91,94,90,95,40,93,41,92],"views":753,"_links":{"self":[{"href":"https:\/\/journalist-und-christ.de\/index.php?rest_route=\/wp\/v2\/posts\/121"}],"collection":[{"href":"https:\/\/journalist-und-christ.de\/index.php?rest_route=\/wp\/v2\/posts"}],"about":[{"href":"https:\/\/journalist-und-christ.de\/index.php?rest_route=\/wp\/v2\/types\/post"}],"author":[{"embeddable":true,"href":"https:\/\/journalist-und-christ.de\/index.php?rest_route=\/wp\/v2\/users\/1"}],"replies":[{"embeddable":true,"href":"https:\/\/journalist-und-christ.de\/index.php?rest_route=%2Fwp%2Fv2%2Fcomments&post=121"}],"version-history":[{"count":2,"href":"https:\/\/journalist-und-christ.de\/index.php?rest_route=\/wp\/v2\/posts\/121\/revisions"}],"predecessor-version":[{"id":124,"href":"https:\/\/journalist-und-christ.de\/index.php?rest_route=\/wp\/v2\/posts\/121\/revisions\/124"}],"wp:featuredmedia":[{"embeddable":true,"href":"https:\/\/journalist-und-christ.de\/index.php?rest_route=\/wp\/v2\/media\/122"}],"wp:attachment":[{"href":"https:\/\/journalist-und-christ.de\/index.php?rest_route=%2Fwp%2Fv2%2Fmedia&parent=121"}],"wp:term":[{"taxonomy":"category","embeddable":true,"href":"https:\/\/journalist-und-christ.de\/index.php?rest_route=%2Fwp%2Fv2%2Fcategories&post=121"},{"taxonomy":"post_tag","embeddable":true,"href":"https:\/\/journalist-und-christ.de\/index.php?rest_route=%2Fwp%2Fv2%2Ftags&post=121"}],"curies":[{"name":"wp","href":"https:\/\/api.w.org\/{rel}","templated":true}]}}