{"id":107,"date":"2022-09-25T21:59:00","date_gmt":"2022-09-25T19:59:00","guid":{"rendered":"https:\/\/journalist-und-christ.de\/?p=107"},"modified":"2022-09-26T00:26:40","modified_gmt":"2022-09-25T22:26:40","slug":"8-warum-ich-an-gott-glaube","status":"publish","type":"post","link":"https:\/\/journalist-und-christ.de\/?p=107","title":{"rendered":"8: Warum ich an Gott glaube"},"content":{"rendered":"<!--[if lt IE 9]><script>document.createElement('audio');<\/script><![endif]-->\n<audio class=\"wp-audio-shortcode\" id=\"audio-107-1\" preload=\"none\" style=\"width: 100%;\" controls=\"controls\"><source type=\"audio\/mpeg\" src=\"https:\/\/journalist-und-christ.podcaster.de\/journalist-und-christ\/media\/Folge_8_Warum_ich_an_Gott_Glaube.mp3?_=1\" \/><a href=\"https:\/\/journalist-und-christ.podcaster.de\/journalist-und-christ\/media\/Folge_8_Warum_ich_an_Gott_Glaube.mp3\">https:\/\/journalist-und-christ.podcaster.de\/journalist-und-christ\/media\/Folge_8_Warum_ich_an_Gott_Glaube.mp3<\/a><\/audio>\n<p>In der 8. Folge meines Podcasts schildere ich, warum ich an Gott glaube. Zwei Bibelstelle zitiere ich dazu. Die eine beschreibt, was Gott unter Glaube versteht und die andere schildert, wie Gott uns sch\u00fctzt. Beides sind f\u00fcr mich die Grundpfeiler meines Lebens. Unterst\u00fctzt wird das durch ganz pers\u00f6nliche Erfahrungen, die ich sammeln konnte. Und genau deshalb glaube ich fest: Gott ist immer da.<\/p>\n<h3>Im Podcast zitierte Bibelstellen<\/h3>\n<ul>\n<li><a href=\"https:\/\/www.bibleserver.com\/LUT\/Psalm23\" rel=\"noopener noreferrer nofollow\">Psalm 23<\/a><\/li>\n<li><a href=\"https:\/\/www.bibleserver.com\/LUT\/Hebr%C3%A4er11%2C1\" rel=\"noopener noreferrer nofollow\">Hebr\u00e4er 11,1<\/a><\/li>\n<\/ul>\n","protected":false},"excerpt":{"rendered":"<p>In der 8. Folge meines Podcasts schildere ich, warum ich an Gott glaube. Zwei Bibelstelle zitiere ich dazu. Die eine beschreibt, was Gott unter Glaube versteht und die andere schildert, wie Gott uns sch\u00fctzt. Beides sind f\u00fcr mich die Grundpfeiler meines Lebens. Unterst\u00fctzt wird das durch ganz pers\u00f6nliche Erfahrungen, die ich sammeln konnte. Und genau deshalb glaube ich fest: Gott ist immer da.<\/p>\n","protected":false},"author":1,"featured_media":108,"comment_status":"open","ping_status":"open","sticky":false,"template":"","format":"standard","meta":{"footnotes":""},"categories":[76,8,75,2],"tags":[79,78,66,82,47,85,81,80,83],"views":830,"_links":{"self":[{"href":"https:\/\/journalist-und-christ.de\/index.php?rest_route=\/wp\/v2\/posts\/107"}],"collection":[{"href":"https:\/\/journalist-und-christ.de\/index.php?rest_route=\/wp\/v2\/posts"}],"about":[{"href":"https:\/\/journalist-und-christ.de\/index.php?rest_route=\/wp\/v2\/types\/post"}],"author":[{"embeddable":true,"href":"https:\/\/journalist-und-christ.de\/index.php?rest_route=\/wp\/v2\/users\/1"}],"replies":[{"embeddable":true,"href":"https:\/\/journalist-und-christ.de\/index.php?rest_route=%2Fwp%2Fv2%2Fcomments&post=107"}],"version-history":[{"count":2,"href":"https:\/\/journalist-und-christ.de\/index.php?rest_route=\/wp\/v2\/posts\/107\/revisions"}],"predecessor-version":[{"id":111,"href":"https:\/\/journalist-und-christ.de\/index.php?rest_route=\/wp\/v2\/posts\/107\/revisions\/111"}],"wp:featuredmedia":[{"embeddable":true,"href":"https:\/\/journalist-und-christ.de\/index.php?rest_route=\/wp\/v2\/media\/108"}],"wp:attachment":[{"href":"https:\/\/journalist-und-christ.de\/index.php?rest_route=%2Fwp%2Fv2%2Fmedia&parent=107"}],"wp:term":[{"taxonomy":"category","embeddable":true,"href":"https:\/\/journalist-und-christ.de\/index.php?rest_route=%2Fwp%2Fv2%2Fcategories&post=107"},{"taxonomy":"post_tag","embeddable":true,"href":"https:\/\/journalist-und-christ.de\/index.php?rest_route=%2Fwp%2Fv2%2Ftags&post=107"}],"curies":[{"name":"wp","href":"https:\/\/api.w.org\/{rel}","templated":true}]}}